{"id":253470,"date":"2026-08-16T14:22:15","date_gmt":"2026-08-16T14:22:15","guid":{"rendered":"https:\/\/www.europesays.com\/ee\/253470\/"},"modified":"2026-08-16T14:22:15","modified_gmt":"2026-08-16T14:22:15","slug":"kantrinaise-ja-mehe-voistlus-pakkus-elamusi-nii-osalejatele-kui-ka-pealtvaatajatele-sakala-postimees-ee","status":"publish","type":"post","link":"https:\/\/www.europesays.com\/ee\/253470\/","title":{"rendered":"Kantrinaise ja -mehe v\u00f5istlus pakkus elamusi nii osalejatele kui ka pealtvaatajatele &#8211; sakala.postimees.ee"},"content":{"rendered":"<ol>\n<li><a href=\"https:\/\/news.google.com\/rss\/articles\/CBMiuwFBVV95cUxQNVZpcmtKQVlsWlRMeWpITElGM0VPcF9ScFF2UlJUSUFaTGpPNWt3VU03M2pPZVoxemk2Uy03ZkQ4cVFPNm82NkhfeTNIcG5OWmFKeWFRYzhqSUgwYzV1UEtmNjY4ZjRtUVdxSTlCaHJnemRnVGkxMlZNMG1mU0E0OHk5WFFwdnFWQlN4OFliMDdCeUpCWENSeVVFTzdqaTFpUEZUQ2NVQmQ2MWJpM19ReHRSVEdfN2V1UVMw?oc=5\" target=\"_blank\" rel=\"nofollow noopener\">Kantrinaise ja -mehe v\u00f5istlus pakkus elamusi nii osalejatele kui ka pealtvaatajatele<\/a>&nbsp;&nbsp;sakala.postimees.ee<\/li>\n<li><a href=\"https:\/\/news.google.com\/rss\/articles\/CBMi_gFBVV95cUxPeDFmVWtkVXd2M2w1M3FLOTI4SXllS09kNmEyd21QWG01QmF5TmphWW4xT29Ld3d4RVd0Smg3RGVQRkF0QWEyV3hoYnpyNUNKejdVMWIyT2ZGbkE1MzR0VzVJbTBIc29fU1ZiYkZuYzVWc1ZpMmNfcVY2YUtyOWo5a1dBb1EzTTRVRWFkeTB2NndfcmdmSTgtbVJGaEVxaDJEYWFyTExiRWRHeV9XS1A2d2dpdjgtU3J4Snd4UEhfcENMWlJDT1BRbVhvZFZuaWw3c1NJam55bkc5YWh2cUUyNW1ZM3F4VFZiN0hRTXZnVVZzbEFCWDU1SjByejZsUQ?oc=5\" target=\"_blank\" rel=\"nofollow noopener\">FOTOD | Kantrimees ja kantrinaine said valitud, \u00f5htu naelaks oli Tanja esinemine! Urissaare Kantri teine p\u00e4ev pani rahva m\u00f6llama<\/a>&nbsp;&nbsp;Kroonika<\/li>\n<li><a href=\"https:\/\/news.google.com\/rss\/articles\/CBMiowFBVV95cUxNZm15X1JiSzhmOGU4V2hkek9qRXVKeE00cjZhaWMzdUNsU1E4Zk9qYmdDM21NbUpLUG9ycXg1RDFaVHBScTFzb1phYnNBZ2lxdmx3dHg4dTM2bGU1N1ZrX3RIQV9qeU1FRXpGMUNYVUxtZ1VyVzVLbFgzYU1UdC1VdDliSTByNGp2bDNnTEFwV29LT0F1UXRhNF9nb2lKTmI4SDM0?oc=5\" target=\"_blank\" rel=\"nofollow noopener\">Zetod n\u00e4itavad Urissaares country-muusika tumedamat poolt<\/a>&nbsp;&nbsp;Kroonika<\/li>\n<li><a href=\"https:\/\/news.google.com\/rss\/articles\/CBMikwFBVV95cUxNRFdZTmE3ZnA5cWUybDVTTC1maHpnN2J5LVExQjVTcmI0SUU0a2NyemhDQ2k5MDczU1V0QUxGS0lRX3IwS2R0eWpjaktXbGxqZFlJeWdobFlZal9VS0YxRkRMSjNkSDNQLXNGWVd0Yy03OU96djNGY3V3YlZqYzd4bERjczlyMF93dmNBZ0Y4R3VxMFE?oc=5\" target=\"_blank\" rel=\"nofollow noopener\">GALERII | Urissaare Kantril m\u00f6llasid tuhanded kauboid<\/a>&nbsp;&nbsp;\u00d5htuleht<\/li>\n<\/ol>\n","protected":false},"excerpt":{"rendered":"Kantrinaise ja -mehe v\u00f5istlus pakkus elamusi nii osalejatele kui ka pealtvaatajatele&nbsp;&nbsp;sakala.postimees.ee FOTOD | Kantrimees ja kantrinaine said valitud,&hellip;\n","protected":false},"author":2,"featured_media":253471,"comment_status":"","ping_status":"","sticky":false,"template":"","format":"standard","meta":{"footnotes":"","_share_on_mastodon":"0"},"categories":[5],"tags":[26,27,37,33,35,34,36,31,32,21,99325,5717,99328,28,29,19,25,18099,99327,23,24,22,99326,99079,20,30],"class_list":["post-253470","post","type-post","status-publish","format-standard","has-post-thumbnail","category-uldised-uudised","tag-breaking-news","tag-breakingnews","tag-ee","tag-eesti","tag-eesti-keel","tag-estonia","tag-estonian","tag-featured-news","tag-featurednews","tag-headlines","tag-kantrimehe-ja-kantrinaise-voistlus","tag-kantrimuusika","tag-kristjan-tees","tag-latest-news","tag-latestnews","tag-news","tag-populaarseimad-lood","tag-priit-oks","tag-tiiu-kass","tag-top-stories","tag-topstories","tag-uldised-uudised","tag-urissaare","tag-urissaare-kantrifestival","tag-uudised","tag-viimased-uudised"],"share_on_mastodon":{"url":"https:\/\/pubeurope.com\/@ee\/117105639393980183","error":""},"_links":{"self":[{"href":"https:\/\/www.europesays.com\/ee\/wp-json\/wp\/v2\/posts\/253470","targetHints":{"allow":["GET"]}}],"collection":[{"href":"https:\/\/www.europesays.com\/ee\/wp-json\/wp\/v2\/posts"}],"about":[{"href":"https:\/\/www.europesays.com\/ee\/wp-json\/wp\/v2\/types\/post"}],"author":[{"embeddable":true,"href":"https:\/\/www.europesays.com\/ee\/wp-json\/wp\/v2\/users\/2"}],"replies":[{"embeddable":true,"href":"https:\/\/www.europesays.com\/ee\/wp-json\/wp\/v2\/comments?post=253470"}],"version-history":[{"count":0,"href":"https:\/\/www.europesays.com\/ee\/wp-json\/wp\/v2\/posts\/253470\/revisions"}],"wp:featuredmedia":[{"embeddable":true,"href":"https:\/\/www.europesays.com\/ee\/wp-json\/wp\/v2\/media\/253471"}],"wp:attachment":[{"href":"https:\/\/www.europesays.com\/ee\/wp-json\/wp\/v2\/media?parent=253470"}],"wp:term":[{"taxonomy":"category","embeddable":true,"href":"https:\/\/www.europesays.com\/ee\/wp-json\/wp\/v2\/categories?post=253470"},{"taxonomy":"post_tag","embeddable":true,"href":"https:\/\/www.europesays.com\/ee\/wp-json\/wp\/v2\/tags?post=253470"}],"curies":[{"name":"wp","href":"https:\/\/api.w.org\/{rel}","templated":true}]}}