{"id":253554,"date":"2026-08-16T16:31:06","date_gmt":"2026-08-16T16:31:06","guid":{"rendered":"https:\/\/www.europesays.com\/ee\/253554\/"},"modified":"2026-08-16T16:31:06","modified_gmt":"2026-08-16T16:31:06","slug":"igoneni-soot-pani-degerforsi-voidule-aluse-jalgpall","status":"publish","type":"post","link":"https:\/\/www.europesays.com\/ee\/253554\/","title":{"rendered":"Igoneni s\u00f6\u00f6t pani Degerforsi v\u00f5idule aluse | Jalgpall"},"content":{"rendered":"<p>Eesti jalgpalluri Matvei Igoneni koduklubi Degerfors alistas Rootsi k\u00f5rgliiga 17. voorus kodus G\u00f6teborgi IFK 3:0 ja kirjutas tabelisse teise v\u00f5idu j\u00e4rjest.<\/p>\n<p>Degerfors otsustas m\u00e4ngu saatus avapoolajal vaid tosina minuti jooksul: 18. ja 25. minutil tabas Dijan Vukojevic, 30. minutil Samba Diatara. Seejuures andis Igonen kohtumise avav\u00e4ravale resultatiivse s\u00f6\u00f6du.<\/p>\n<p>Liigatabelis on Degerfors vaatamata teisele j\u00e4rjestikusele v\u00f5idule ohtlikus tsoonis. Meeskond on kogunud 16 punkti ja asub 16 klubi konkurentsis 14. kohal, mis ei tooks enamat \u00fcleminekum\u00e4ngudes. G\u00f6teborgi klubi astub kaks astet k\u00f5rgemal.<\/p>\n<p>J\u00e4rgmisena ootab Degerforsi klubi kolmap\u00e4eval, 19. augustil karikam\u00e4ng \u00d6stersundi IFK-ga. Liigahooaega j\u00e4tkatakse n\u00e4dala l\u00f5pus, kui 23. minutil s\u00f5idetakse k\u00fclla tabeli k\u00fcmnendale Brommapojkarnale.<\/p>\n","protected":false},"excerpt":{"rendered":"Eesti jalgpalluri Matvei Igoneni koduklubi Degerfors alistas Rootsi k\u00f5rgliiga 17. voorus kodus G\u00f6teborgi IFK 3:0 ja kirjutas tabelisse&hellip;\n","protected":false},"author":2,"featured_media":253555,"comment_status":"","ping_status":"","sticky":false,"template":"","format":"standard","meta":{"footnotes":"","_share_on_mastodon":"0"},"categories":[18],"tags":[5137,37,33,35,34,36,1633,159,158],"class_list":["post-253554","post","type-post","status-publish","format-standard","has-post-thumbnail","category-sport","tag-degerfors","tag-ee","tag-eesti","tag-eesti-keel","tag-estonia","tag-estonian","tag-matvei-igonen","tag-sport","tag-sports"],"share_on_mastodon":{"url":"https:\/\/pubeurope.com\/@ee\/117106146485173875","error":""},"_links":{"self":[{"href":"https:\/\/www.europesays.com\/ee\/wp-json\/wp\/v2\/posts\/253554","targetHints":{"allow":["GET"]}}],"collection":[{"href":"https:\/\/www.europesays.com\/ee\/wp-json\/wp\/v2\/posts"}],"about":[{"href":"https:\/\/www.europesays.com\/ee\/wp-json\/wp\/v2\/types\/post"}],"author":[{"embeddable":true,"href":"https:\/\/www.europesays.com\/ee\/wp-json\/wp\/v2\/users\/2"}],"replies":[{"embeddable":true,"href":"https:\/\/www.europesays.com\/ee\/wp-json\/wp\/v2\/comments?post=253554"}],"version-history":[{"count":0,"href":"https:\/\/www.europesays.com\/ee\/wp-json\/wp\/v2\/posts\/253554\/revisions"}],"wp:featuredmedia":[{"embeddable":true,"href":"https:\/\/www.europesays.com\/ee\/wp-json\/wp\/v2\/media\/253555"}],"wp:attachment":[{"href":"https:\/\/www.europesays.com\/ee\/wp-json\/wp\/v2\/media?parent=253554"}],"wp:term":[{"taxonomy":"category","embeddable":true,"href":"https:\/\/www.europesays.com\/ee\/wp-json\/wp\/v2\/categories?post=253554"},{"taxonomy":"post_tag","embeddable":true,"href":"https:\/\/www.europesays.com\/ee\/wp-json\/wp\/v2\/tags?post=253554"}],"curies":[{"name":"wp","href":"https:\/\/api.w.org\/{rel}","templated":true}]}}