{"id":253630,"date":"2026-08-16T18:43:20","date_gmt":"2026-08-16T18:43:20","guid":{"rendered":"https:\/\/www.europesays.com\/ee\/253630\/"},"modified":"2026-08-16T18:43:20","modified_gmt":"2026-08-16T18:43:20","slug":"latvala-pajari-tiitlivoimalusest-jargmine-aasta-voiks-olla-see-oige","status":"publish","type":"post","link":"https:\/\/www.europesays.com\/ee\/253630\/","title":{"rendered":"Latvala Pajari tiitliv\u00f5imalusest: j\u00e4rgmine aasta v\u00f5iks olla see \u00f5ige"},"content":{"rendered":"<p>Veel eelmisel aastal kohanes Pajari <a rel=\"noopener nofollow\" target=\"_blank\" href=\"https:\/\/www.delfi.ee\/teema\/23049339\/wrc\" tag-id=\"23049339\">WRC<\/a> n\u00f5udmistega ning pidi rinda pistma kriitikaga, mis puudutas tema liialt ettevaatlikku s\u00f5idustiili. T\u00e4navu on aga kaalutletud l\u00e4henemine hakanud magusaid vilju kandma. <\/p>\n<p>Kuigi jaanuarikuine hooaja avaetapp Monte Carlos valmistas pigem pettumuse, on noor soomlane oma taset seej\u00e4rel oluliselt t\u00f5stnud. Aastane kogemus on aidanud Rally1 autoga sinas\u00f5braks saada ning erinevate etappide tingimusi paremini tundma \u00f5ppida.<\/p>\n<p>Pajari on t\u00e4navu astunud poodiumile juba seitsmel korral ning teeninud Eestis ja Soomes oma karj\u00e4\u00e4ri esimesed v\u00f5idud. Edukas seeria t\u00f5stis ta hooaja arvestuses teisele kohale. Sarja liidrist ja meeskonnakaaslasest <a rel=\"noopener nofollow\" target=\"_blank\" href=\"https:\/\/www.delfi.ee\/teema\/71230759\/elfyn-evans\" tag-id=\"71230759\">Elfyn Evansist<\/a> lahutab teda 30 punkti.<\/p>\n<p>Toyota pealik Latvala on Pajari sooritustest vaimustuses. \u201eMonte Carlo algus oli t\u00f5esti keeruline, kuid p\u00e4rast seda on ta pidevalt poodiumikohti noppinud. Vahepeal oli k\u00fcll \u00f5hus k\u00fcsim\u00e4rk, kas Samil jagub piisavalt r\u00fcndavust, et v\u00f5itude nimel heidelda. N\u00fc\u00fcd v\u00f5itis ta esmalt Eestis ja kohe seej\u00e4rel Soomes. See on fantastiline saavutus. Sami on end kindlalt murdnud nende s\u00f5itjate sekka, kes suudavad tulevikus MM-tiitli nimel v\u00f5idelda,\u201c kiitis Latvala. <\/p>\n<p>Kas Pajari v\u00f5iks aga k\u00f5ige kirkama karika pea kohale t\u00f5sta juba sel aastal? Latvala s\u00f5nul on see t\u00f5en\u00e4oliselt liiga suur suut\u00e4is. \u201eT\u00e4navu v\u00f5ib see veel veidi keeruliseks osutuda. \u00dctleme nii: j\u00e4rgmine aasta v\u00f5iks olla see \u00f5ige,\u201c selgitas ta.<\/p>\n<p>Kuidas see lugu Sind end tundma pani?Saada<a href=\"https:\/\/sport.delfi.ee\/artikkel\/120604109\/latvala-pajari-tiitlivoimalusest-jargmine-aasta-voiks-olla-see-oige\/kommentaarid\" class=\"button button--primary button--size-auto article-body-bottom__comment article-body-bottom__comment--write\" style=\"\" rel=\"nofollow noopener\" target=\"_blank\">Kommenteeri<\/a><a href=\"https:\/\/sport.delfi.ee\/artikkel\/120604109\/latvala-pajari-tiitlivoimalusest-jargmine-aasta-voiks-olla-see-oige\/kommentaarid\" class=\"button button--size-auto article-body-bottom__comment article-body-bottom__comment--read\" style=\"\" rel=\"nofollow noopener\" target=\"_blank\">Loe kommentaare <\/a><\/p>\n","protected":false},"excerpt":{"rendered":"Veel eelmisel aastal kohanes Pajari WRC n\u00f5udmistega ning pidi rinda pistma kriitikaga, mis puudutas tema liialt ettevaatlikku s\u00f5idustiili.&hellip;\n","protected":false},"author":2,"featured_media":253631,"comment_status":"","ping_status":"","sticky":false,"template":"","format":"standard","meta":{"footnotes":"","_share_on_mastodon":"0"},"categories":[18],"tags":[37,33,35,3307,34,36,9944,6863,159,158,1192],"class_list":["post-253630","post","type-post","status-publish","format-standard","has-post-thumbnail","category-sport","tag-ee","tag-eesti","tag-eesti-keel","tag-elfyn-evans","tag-estonia","tag-estonian","tag-jari-matti-latvala","tag-sami-pajari","tag-sport","tag-sports","tag-wrc"],"share_on_mastodon":{"url":"https:\/\/pubeurope.com\/@ee\/117106665475254441","error":""},"_links":{"self":[{"href":"https:\/\/www.europesays.com\/ee\/wp-json\/wp\/v2\/posts\/253630","targetHints":{"allow":["GET"]}}],"collection":[{"href":"https:\/\/www.europesays.com\/ee\/wp-json\/wp\/v2\/posts"}],"about":[{"href":"https:\/\/www.europesays.com\/ee\/wp-json\/wp\/v2\/types\/post"}],"author":[{"embeddable":true,"href":"https:\/\/www.europesays.com\/ee\/wp-json\/wp\/v2\/users\/2"}],"replies":[{"embeddable":true,"href":"https:\/\/www.europesays.com\/ee\/wp-json\/wp\/v2\/comments?post=253630"}],"version-history":[{"count":0,"href":"https:\/\/www.europesays.com\/ee\/wp-json\/wp\/v2\/posts\/253630\/revisions"}],"wp:featuredmedia":[{"embeddable":true,"href":"https:\/\/www.europesays.com\/ee\/wp-json\/wp\/v2\/media\/253631"}],"wp:attachment":[{"href":"https:\/\/www.europesays.com\/ee\/wp-json\/wp\/v2\/media?parent=253630"}],"wp:term":[{"taxonomy":"category","embeddable":true,"href":"https:\/\/www.europesays.com\/ee\/wp-json\/wp\/v2\/categories?post=253630"},{"taxonomy":"post_tag","embeddable":true,"href":"https:\/\/www.europesays.com\/ee\/wp-json\/wp\/v2\/tags?post=253630"}],"curies":[{"name":"wp","href":"https:\/\/api.w.org\/{rel}","templated":true}]}}