{"id":253648,"date":"2026-08-16T19:49:12","date_gmt":"2026-08-16T19:49:12","guid":{"rendered":"https:\/\/www.europesays.com\/ee\/253648\/"},"modified":"2026-08-16T19:49:12","modified_gmt":"2026-08-16T19:49:12","slug":"ronaldo-see-on-ilmselt-minu-viimane-hooaeg-soccernet-ee","status":"publish","type":"post","link":"https:\/\/www.europesays.com\/ee\/253648\/","title":{"rendered":"Ronaldo: see on ilmselt minu viimane hooaeg &#8211; Soccernet.ee"},"content":{"rendered":"<p><img decoding=\"async\" src=\"https:\/\/www.europesays.com\/ee\/wp-content\/uploads\/2026\/08\/1785103801.jpg\" alt=\"Cristiano Ronaldo. Foto: Scanpix \/ Fayez Nureldine \/ AFP\"\/>&#13;\n<\/p>\n<p>Viiekordne Ballon d&#8217;Ori ja viiekordne Meistrite liiga v\u00f5itja ning koondisejalgpalli ajaloo suurim v\u00e4ravak\u00fctt Cristiano Ronaldo (41) avaldas, et alanud hooaeg j\u00e4\u00e4b talle ilmselt profikarj\u00e4\u00e4ri viimaseks.<\/p>\n<p>&#8220;See on t\u00f5en\u00e4oliselt jalgpallis minu viimane hooaeg ja tahan j\u00e4tta endast maha suurejoonelise p\u00e4randi,&#8221; \u00fctles Ronaldo intervjuus Voguele.&#13;\n<\/p>\n<p>&#8220;Mul on tulevikuplaanid juba paigas. Mul on nii palju asju, millega tegeleda, et neist ainult \u00fchte v\u00e4lja tuua oleks raske. Kuna jalgpallist v\u00f5ib j\u00e4\u00e4da suur auk, tuleb seda aega sisustada mitmel viisil, mitte ainult \u00fchel,&#8221; j\u00e4tkas Portugali koondislane.&#13;\n<\/p>\n<p>&#8220;Saan rohkem l\u00f5butseda, reisida, vaadata ja m\u00e4ngida padelit, mis mulle v\u00e4ga meeldib, ning nautida seda, mida olen teeninud &#8211; \u00f5igemini, mida meie oleme teeninud. Sest l\u00f5ppude l\u00f5puks on 25 aasta jooksul palju ohverdatud.&#8221;<\/p>\n<p>Profikarj\u00e4\u00e4ri 1000 v\u00e4ravast on Ronaldol hetkel puudu 24. Ta on m\u00e4nginud viimased kolm ja pool aastat Saudi Araabia k\u00f5rgliigaklubis Al Nassr, kellega teda seob leping j\u00e4rgmise suveni.                         <\/p>\n","protected":false},"excerpt":{"rendered":"&#13; Viiekordne Ballon d&#8217;Ori ja viiekordne Meistrite liiga v\u00f5itja ning koondisejalgpalli ajaloo suurim v\u00e4ravak\u00fctt Cristiano Ronaldo (41) avaldas,&hellip;\n","protected":false},"author":2,"featured_media":253649,"comment_status":"","ping_status":"","sticky":false,"template":"","format":"standard","meta":{"footnotes":"","_share_on_mastodon":"0"},"categories":[18],"tags":[19153,3887,37,33,35,34,36,3888,159,158],"class_list":["post-253648","post","type-post","status-publish","format-standard","has-post-thumbnail","category-sport","tag-al-nassr","tag-cristiano-ronaldo","tag-ee","tag-eesti","tag-eesti-keel","tag-estonia","tag-estonian","tag-ronaldo","tag-sport","tag-sports"],"share_on_mastodon":{"url":"https:\/\/pubeurope.com\/@ee\/117106925279262408","error":""},"_links":{"self":[{"href":"https:\/\/www.europesays.com\/ee\/wp-json\/wp\/v2\/posts\/253648","targetHints":{"allow":["GET"]}}],"collection":[{"href":"https:\/\/www.europesays.com\/ee\/wp-json\/wp\/v2\/posts"}],"about":[{"href":"https:\/\/www.europesays.com\/ee\/wp-json\/wp\/v2\/types\/post"}],"author":[{"embeddable":true,"href":"https:\/\/www.europesays.com\/ee\/wp-json\/wp\/v2\/users\/2"}],"replies":[{"embeddable":true,"href":"https:\/\/www.europesays.com\/ee\/wp-json\/wp\/v2\/comments?post=253648"}],"version-history":[{"count":0,"href":"https:\/\/www.europesays.com\/ee\/wp-json\/wp\/v2\/posts\/253648\/revisions"}],"wp:featuredmedia":[{"embeddable":true,"href":"https:\/\/www.europesays.com\/ee\/wp-json\/wp\/v2\/media\/253649"}],"wp:attachment":[{"href":"https:\/\/www.europesays.com\/ee\/wp-json\/wp\/v2\/media?parent=253648"}],"wp:term":[{"taxonomy":"category","embeddable":true,"href":"https:\/\/www.europesays.com\/ee\/wp-json\/wp\/v2\/categories?post=253648"},{"taxonomy":"post_tag","embeddable":true,"href":"https:\/\/www.europesays.com\/ee\/wp-json\/wp\/v2\/tags?post=253648"}],"curies":[{"name":"wp","href":"https:\/\/api.w.org\/{rel}","templated":true}]}}