{"id":253704,"date":"2026-08-16T22:26:24","date_gmt":"2026-08-16T22:26:24","guid":{"rendered":"https:\/\/www.europesays.com\/ee\/253704\/"},"modified":"2026-08-16T22:26:24","modified_gmt":"2026-08-16T22:26:24","slug":"mihkel-kangur-metsas-kaimisest-edasi","status":"publish","type":"post","link":"https:\/\/www.europesays.com\/ee\/253704\/","title":{"rendered":"Mihkel Kangur: metsas k\u00e4imisest \u2013 Edasi"},"content":{"rendered":"<p>\t\t\t<img fetchpriority=\"high\" width=\"1024\" height=\"683\" src=\"https:\/\/www.europesays.com\/ee\/wp-content\/uploads\/2026\/08\/MKangur_f-Piret_Rani-1024x683.webp\" class=\"attachment-hive-single-image size-hive-single-image wp-post-image\" alt=\"\" decoding=\"async\"   data-attachment-id=\"229207\" data-permalink=\"https:\/\/edasi.org\/229185\/mihkel-kangur-iga-kord-kui-edasi-avada-on-sealt-midagi-lugeda-edasi-on-ka-minu-mote\/mkangur_f-piret_rani\/\" data-orig-file=\"https:\/\/edasi.org\/wp-content\/uploads\/2024\/05\/MKangur_f-Piret_Rani-scaled.webp\" data-orig-size=\"2048,1365\" data-comments-opened=\"0\" data-image-title=\"MKangur_f-Piret_Ra\u0308ni\" data-image-description=\"\" data-image-caption=\"&lt;p&gt;Mihkel Kangur. Foto: Piret R\u00e4ni&lt;\/p&gt;&#10;\" data-large-file=\"https:\/\/www.europesays.com\/ee\/wp-content\/uploads\/2026\/08\/MKangur_f-Piret_Rani-1024x683.webp\"\/>\t\t\tMihkel Kangur. Foto: Piret R\u00e4ni\t\t<\/p>\n<p class=\"intro\">Metsa-teema on iseenesest nii tihedalt pingev\u00e4lju t\u00e4is laetud, et keeruline on leida viisi, kuidas metsast r\u00e4\u00e4kida nii, et sellest kellegagi t\u00fcli ei tule.<\/p>\n<p>Kaasajal ei tohiks enam kellelegi tulla \u00fcllatusena, et metsas k\u00e4imine on meie tervisele kasulik tegevus. K\u00f5ndimine paneb t\u00f6\u00f6le lihased ja s\u00fcdame, parandab vastupidavust ning kui me just metsas maratoni ei jookse v\u00f5i p\u00e4ev otsa palke ei vea, on liikumine kehale enamasti paras koormus. Ent metsa m\u00f5ju ei piirdu pulsi, vere hapnikuga varustatuse ja kulutatud kilokaloritega. Olulisem on see, mida mets v\u00f5ib teha meie peaga, meie m\u00f5tetega. Ilmselt on paljud seda kogenud. L\u00e4hed metsa m\u00f5ne lahendamata k\u00fcsimusega, murem\u00f5ttega, k\u00f5nnid natuke aega ja annad probleemi metsale ega m\u00f5tle sellele peaaegu \u00fcldse ja mingil hetkel ilmub lahendus justkui iseenesest. V\u00f5i v\u00e4hemalt tundub probleem metsast tagasi tulles kuidagi v\u00e4iksem ja lahendus selgem. M\u00f5tted oleks justkui \u00fcmber paigutatud ja pilt palju selgemaks saanud. Eriti sageli olen nooremate \u00f5pilaste puhul kohanud kogemust, et raskete m\u00f5tete m\u00f5tlemiseks on m\u00f5ni eriline koht kusagil metsas. Ma kahtlustan, et lapsed teavad intuitiivselt midagi, mille me hiljem matame oma kultuurikihi alla \u00e4ra. Loomulikult r\u00e4\u00e4gin ma siin neist lastest, kel on veel s\u00e4ilinud vaba ligip\u00e4\u00e4s metsa.<\/p>\n","protected":false},"excerpt":{"rendered":"Mihkel Kangur. Foto: Piret R\u00e4ni Metsa-teema on iseenesest nii tihedalt pingev\u00e4lju t\u00e4is laetud, et keeruline on leida viisi,&hellip;\n","protected":false},"author":2,"featured_media":253705,"comment_status":"","ping_status":"","sticky":false,"template":"","format":"standard","meta":{"footnotes":"","_share_on_mastodon":"0"},"categories":[12],"tags":[26,27,37,33,35,34,36,31,32,21,99416,99417,190,28,29,285,5176,19,2913,25,664,280,23,24,22,20,30],"class_list":["post-253704","post","type-post","status-publish","format-standard","has-post-thumbnail","category-eesti","tag-breaking-news","tag-breakingnews","tag-ee","tag-eesti","tag-eesti-keel","tag-estonia","tag-estonian","tag-featured-news","tag-featurednews","tag-headlines","tag-hingerahu","tag-kogemine","tag-kunst","tag-latest-news","tag-latestnews","tag-loodus","tag-mets","tag-news","tag-oppimine","tag-populaarseimad-lood","tag-reklaam","tag-teadus","tag-top-stories","tag-topstories","tag-uldised-uudised","tag-uudised","tag-viimased-uudised"],"share_on_mastodon":{"url":"https:\/\/pubeurope.com\/@ee\/117107542714427761","error":""},"_links":{"self":[{"href":"https:\/\/www.europesays.com\/ee\/wp-json\/wp\/v2\/posts\/253704","targetHints":{"allow":["GET"]}}],"collection":[{"href":"https:\/\/www.europesays.com\/ee\/wp-json\/wp\/v2\/posts"}],"about":[{"href":"https:\/\/www.europesays.com\/ee\/wp-json\/wp\/v2\/types\/post"}],"author":[{"embeddable":true,"href":"https:\/\/www.europesays.com\/ee\/wp-json\/wp\/v2\/users\/2"}],"replies":[{"embeddable":true,"href":"https:\/\/www.europesays.com\/ee\/wp-json\/wp\/v2\/comments?post=253704"}],"version-history":[{"count":0,"href":"https:\/\/www.europesays.com\/ee\/wp-json\/wp\/v2\/posts\/253704\/revisions"}],"wp:featuredmedia":[{"embeddable":true,"href":"https:\/\/www.europesays.com\/ee\/wp-json\/wp\/v2\/media\/253705"}],"wp:attachment":[{"href":"https:\/\/www.europesays.com\/ee\/wp-json\/wp\/v2\/media?parent=253704"}],"wp:term":[{"taxonomy":"category","embeddable":true,"href":"https:\/\/www.europesays.com\/ee\/wp-json\/wp\/v2\/categories?post=253704"},{"taxonomy":"post_tag","embeddable":true,"href":"https:\/\/www.europesays.com\/ee\/wp-json\/wp\/v2\/tags?post=253704"}],"curies":[{"name":"wp","href":"https:\/\/api.w.org\/{rel}","templated":true}]}}