{"id":253836,"date":"2026-08-17T06:29:11","date_gmt":"2026-08-17T06:29:11","guid":{"rendered":"https:\/\/www.europesays.com\/ee\/253836\/"},"modified":"2026-08-17T06:29:11","modified_gmt":"2026-08-17T06:29:11","slug":"sugise-kauneim-kontsertkava-toob-lavale-vaga-erilise-koosseisu-ja-imelised-meloodiad","status":"publish","type":"post","link":"https:\/\/www.europesays.com\/ee\/253836\/","title":{"rendered":"S\u00fcgise kauneim kontsertkava toob lavale v\u00e4ga erilise koosseisu ja imelised meloodiad"},"content":{"rendered":"<p><img decoding=\"async\" src=\"https:\/\/www.europesays.com\/ee\/wp-content\/uploads\/2026\/08\/90d64248-e921-48de-81b8-4ca357326a93.jpg\" loading=\"lazy\" alt=\"Voldemar Kuslap kontserdil \u201eKodumaine kullaproov\u201c Estonias.\"\/><\/p>\n<p>Trudnikovi s\u00f5nul s\u00fcndis kontserdi idee soovist panna kokku kava, mis sisaldaks endas klassikalises m\u00f5ttes kauni meloodiaga laule \u2013 selliseid, mida kuulates tekib igatsev, ilusaid hetki meenutav ja kohati nostalgiline tunne. \u201eNeed on minu jaoks laulud, kui populaarmuusika ei olnud \u201e\u00fche suve raadiohittide\u201c p\u00f5hine, vaid sarnanes pigem klassikalise muusikaga. <\/p>\n<p>Maailmast saab tuua palju n\u00e4iteid: Frank Sinatra, Tom Jones, Engelbert Humperdinck, Dean Martin. Samas ka maailmakuulsa kolme tenori \u2013 Domingo, Carrerase ja Pavarotti repertuaar, mis polnud kaugeltki ainult ooperiaariad, vaid ka kergemuusika palad, mis rahva kontsertsaalides ja staadionitel \u00f5hkama panid, et \u201ek\u00fcll on ikka ilus muusika&#8230;\u201c. Ma usun, et on palju inimesi, kes just sedalaadi kontserdile tulla tahaks, kuiv\u00f5rd v\u00e4ga palju v\u00f5imalust 50ndate, 60ndate ja 70ndate menulugusid elavas esituses kuulata meie armastatud solistide poolt ju polegi.\u201c<\/p>\n<p><img decoding=\"async\" src=\"https:\/\/www.europesays.com\/ee\/wp-content\/uploads\/2026\/08\/83670a85-36de-4e27-9681-396ed376b83f.jpg\" loading=\"lazy\" alt=\"V\u00e4ino Puura\"\/><\/p>\n<p>Aga kust tuli esimene impulss just h\u00e4rrasmehed muusikas kontsertlavale kokku koguda? \u201eOlime just ansambliga Horoskoop l\u00f5petanud kontsertsaalides 2025. aasta novembris v\u00e4ga edukad kolm kontserti \u201eKodumaine kullaproov\u201c, kus astusid \u00fcles meie estraadilavade nimekad solistid: Voldemar Kuslap, Ivo Linna, Karl Madis, Meelis Punder, Mait Maltis, Katrin Karisma ja Heidy Tamme,\u201c vastab Trudnikov.<\/p>\n<p>\u201eNeed olid v\u00e4ga menukad ja aegumatute lugude fenomen helises hinges nii, et liikusid m\u00f5tted kohe 2026. aasta s\u00fcgise peale. Tekkis idee, et ehk \u00f5nnestuks meie klassikalisema taustaga solistidega samuti kokku panna \u00fcks tore kava lauludega, mis on aastak\u00fcmneid vastu pidanud ja s\u00f5elale j\u00e4\u00e4nud. Kohe paralleelselt hakkas arenema ka idee, et v\u00f5iks l\u00e4heneda asjale h\u00e4rrasmehelikku suunda pidi, ja loomulikult tulid kohe meelde ka legendaarsed Kolm Tenorit maailmast.\u201c<\/p>\n<p><img decoding=\"async\" src=\"https:\/\/www.europesays.com\/ee\/wp-content\/uploads\/2026\/08\/6b87be10-8cff-11ec-b772-1d512a80edf1.jpg\" loading=\"lazy\" alt=\"Jassi Zahharov\"\/><\/p>\n<p>\u201eKuiv\u00f5rd olen ka ise k\u00fclalisdirigendina seotud Estonia teatriga, otsustasime, et p\u00f6\u00f6rdume solistide poole, kes on olnud v\u00f5i on praegu tihedalt seotud meie rahvusooperiga,\u201c r\u00e4\u00e4gib Trudnikov kontsertkava s\u00fcndimise tagamaadest. \u201eOn v\u00e4ga hea meel, et \u00f5nnestus kokku saada solistide tuumik, mis on justkui vanuseline l\u00e4bil\u00f5ige meie armastatud lauljatest. Meie noorim solist Heldur Harry P\u00f5lda saab t\u00e4navu septembris 30 ja vanim solist Voldemar Kuslap t\u00e4histab septembris oma 89. s\u00fcnnip\u00e4eva.\u201c<\/p>\n<p><img decoding=\"async\" src=\"https:\/\/www.europesays.com\/ee\/wp-content\/uploads\/2026\/08\/b4e2a740-bcfe-11eb-aab3-9363fd9b29b8.jpg\" loading=\"lazy\" alt=\"Heldur Harry P\u00f5lda\"\/><\/p>\n<p>Trudnikov lisab, kui hea meel tal on, et k\u00f5lama hakkavad lood, mis on klassikalises m\u00f5ttes kauni meloodiaga. \u201eM\u00f5istet \u201eilus lugu\u201c on muidugi keeruline seletada, samuti on maitsed v\u00e4ga erinevad, aga mingi pilt on siiski k\u00f5igil inimestel ehk \u00fchtne,\u201c arvab kontsertkava muusikajuht. <\/p>\n<p>\u201eKui n\u00e4iteks nimetada palu \u201eMy Way\u201c, \u201eLa Paloma\u201c, \u201eKodu ja ristikhein\u201c, \u201eViimne valss\u201c, \u201eMeeletu r\u00fc\u00fctel\u201c jpt, siis neid pealkirju kuuldes olen kindel, et enamik inimesi peab neid justnimelt \u201eilusateks lugudeks\u201c. Just sel printsiibil ongi meie kava kokku pandud, aga samas julgen kohe ka \u00f6elda, et ega s\u00e4rtsakatest ja kiiretest lugudestki puudust tule. Nii et saab nostalgiat ja pisaraid, r\u00f5\u00f5mu ja naeru \u2013 k\u00f5ike, mida \u00fcks meelelahutuslik muusika pakkuma peab!\u201c s\u00f5nab ta.<\/p>\n<p><img decoding=\"async\" src=\"https:\/\/www.europesays.com\/ee\/wp-content\/uploads\/2026\/08\/3d215fc0-bcd7-11eb-a0cd-b158c89a760e.jpg\" loading=\"lazy\" alt=\"Oliver Kuusik\"\/><\/p>\n<p>\u201eKontserdil k\u00f5lavad mitmed tuntud lood, millest osa nimetasin juba eespool. Samuti k\u00f5lab tuntud lugusid filmimaailmast, nii saab n\u00e4iteks kuulda filmi \u201eRistiisa\u201c tunnusmeloodiat,\u201c annab Trudnikov veel vihjeid, mida kontsert pakub.<\/p>\n<p><img decoding=\"async\" src=\"https:\/\/www.europesays.com\/ee\/wp-content\/uploads\/2026\/08\/613d9c20-1092-11ec-820a-eb7b17d4c28c.jpg\" loading=\"lazy\" alt=\"Rene Soom\"\/><\/p>\n<p>Tema s\u00f5nul on kolme maailmakuulsa tenori Domingo, Carrerase ja Pavarotti programmid ja kavad, mis olid 90ndatel meeletult populaarsed, kindlasti t\u00e4navuse kava suureks eeskujuks. \u201eJa kuiv\u00f5rd meil on samuti klassikalise taustaga solistid, kes k\u00f5ik on kas olnud v\u00f5i on praegugi meie Rahvusooper Estonia solistid, siis usun, et paralleele, mida t\u00f5mmata, saab olema palju,\u201c s\u00f5nab Trudnikov. \u201eKontsertkava muusikajuhina on mul hea meel, et kokku on saanud solistide tuumik, keda pole viimasel ajal just eriti tihti \u00f5nnestunud koos \u00fchel laval n\u00e4ha. Meil on plaanis valmistada lisaks soolopaladele ka mitmeid \u00fchisnumbreid, mis kava mitmekesisemaks ja huvitavamaks muudavad.\u201c<\/p>\n<p>Vaata laulu \u201eLa Paloma\u201c esitust \u201eTerevisioonis\u201c <a rel=\"noopener follow nofollow\" target=\"_blank\" href=\"https:\/\/jupiter.err.ee\/1610050864\/ren-soom-vaino-puura-ansambel-horoskoop\" data-rel-date-range=\"[]\">SIIT<\/a>! <\/p>\n","protected":false},"excerpt":{"rendered":"Trudnikovi s\u00f5nul s\u00fcndis kontserdi idee soovist panna kokku kava, mis sisaldaks endas klassikalises m\u00f5ttes kauni meloodiaga laule \u2013&hellip;\n","protected":false},"author":2,"featured_media":253837,"comment_status":"","ping_status":"","sticky":false,"template":"","format":"standard","meta":{"footnotes":"","_share_on_mastodon":"0"},"categories":[16],"tags":[5554,37,33,5551,35,5552,173,34,36,5555,140,5557,5553,5556],"class_list":["post-253836","post","type-post","status-publish","format-standard","has-post-thumbnail","category-meelelahutus","tag-areen","tag-ee","tag-eesti","tag-eesti-ekspress","tag-eesti-keel","tag-ekspress","tag-entertainment","tag-estonia","tag-estonian","tag-flash","tag-meelelahutus","tag-onne-valem","tag-persoon","tag-sahinad"],"share_on_mastodon":{"url":"https:\/\/pubeurope.com\/@ee\/117109441682700028","error":""},"_links":{"self":[{"href":"https:\/\/www.europesays.com\/ee\/wp-json\/wp\/v2\/posts\/253836","targetHints":{"allow":["GET"]}}],"collection":[{"href":"https:\/\/www.europesays.com\/ee\/wp-json\/wp\/v2\/posts"}],"about":[{"href":"https:\/\/www.europesays.com\/ee\/wp-json\/wp\/v2\/types\/post"}],"author":[{"embeddable":true,"href":"https:\/\/www.europesays.com\/ee\/wp-json\/wp\/v2\/users\/2"}],"replies":[{"embeddable":true,"href":"https:\/\/www.europesays.com\/ee\/wp-json\/wp\/v2\/comments?post=253836"}],"version-history":[{"count":0,"href":"https:\/\/www.europesays.com\/ee\/wp-json\/wp\/v2\/posts\/253836\/revisions"}],"wp:featuredmedia":[{"embeddable":true,"href":"https:\/\/www.europesays.com\/ee\/wp-json\/wp\/v2\/media\/253837"}],"wp:attachment":[{"href":"https:\/\/www.europesays.com\/ee\/wp-json\/wp\/v2\/media?parent=253836"}],"wp:term":[{"taxonomy":"category","embeddable":true,"href":"https:\/\/www.europesays.com\/ee\/wp-json\/wp\/v2\/categories?post=253836"},{"taxonomy":"post_tag","embeddable":true,"href":"https:\/\/www.europesays.com\/ee\/wp-json\/wp\/v2\/tags?post=253836"}],"curies":[{"name":"wp","href":"https:\/\/api.w.org\/{rel}","templated":true}]}}