{"id":253956,"date":"2026-08-17T09:15:13","date_gmt":"2026-08-17T09:15:13","guid":{"rendered":"https:\/\/www.europesays.com\/ee\/253956\/"},"modified":"2026-08-17T09:15:13","modified_gmt":"2026-08-17T09:15:13","slug":"mahhatsev-pustitas-ufc-rekordi-delfi-sport","status":"publish","type":"post","link":"https:\/\/www.europesays.com\/ee\/253956\/","title":{"rendered":"Mahhat\u0161ev p\u00fcstitas UFC rekordi &#8211; Delfi Sport"},"content":{"rendered":"<p>V\u00f5iduga sai Mahhat\u0161ev enda nimele UFC rekordi. Nimelt on ta n\u00fc\u00fcd k\u00f5ige kuulsamas vabav\u00f5itlussarjas teeninud 17 v\u00f5itu j\u00e4rjest. Varasemalt jagas ta tippmarki brasiillase Anderson Silvaga, kes v\u00f5itis aastatel 2006. \u2013 2013. 16 mat\u0161i j\u00e4rjest.<\/p>\n<p>Machado Garry p\u00fcrgis samal ajal teiseks iirlasest UFC t\u0161empioniks. Iirlastest on varasemalt UFC meistriv\u00f6\u00f6 v\u00f5itnud ainult Conor McGregor, kes oli omal ajal nii sulg- kui ka kergekaalu meister.<\/p>\n<p>Kuidas see lugu Sind end tundma pani?Saada<a href=\"https:\/\/sport.delfi.ee\/artikkel\/120604171\/mahhatsev-pustitas-ufc-rekordi\/kommentaarid\" class=\"button button--primary button--size-auto article-body-bottom__comment article-body-bottom__comment--write\" style=\"\" rel=\"nofollow noopener\" target=\"_blank\">Kommenteeri<\/a><a href=\"https:\/\/sport.delfi.ee\/artikkel\/120604171\/mahhatsev-pustitas-ufc-rekordi\/kommentaarid\" class=\"button button--size-auto article-body-bottom__comment article-body-bottom__comment--read\" style=\"\" rel=\"nofollow noopener\" target=\"_blank\">Loe kommentaare (1)<\/a><\/p>\n","protected":false},"excerpt":{"rendered":"V\u00f5iduga sai Mahhat\u0161ev enda nimele UFC rekordi. Nimelt on ta n\u00fc\u00fcd k\u00f5ige kuulsamas vabav\u00f5itlussarjas teeninud 17 v\u00f5itu j\u00e4rjest.&hellip;\n","protected":false},"author":2,"featured_media":253957,"comment_status":"","ping_status":"","sticky":false,"template":"","format":"standard","meta":{"footnotes":"","_share_on_mastodon":"0"},"categories":[18],"tags":[37,33,35,34,36,99500,99499,159,158,8056],"class_list":["post-253956","post","type-post","status-publish","format-standard","has-post-thumbnail","category-sport","tag-ee","tag-eesti","tag-eesti-keel","tag-estonia","tag-estonian","tag-ian-machado-garry","tag-islam-mahhatsev","tag-sport","tag-sports","tag-ufc"],"share_on_mastodon":{"url":"https:\/\/pubeurope.com\/@ee\/117110094273319092","error":""},"_links":{"self":[{"href":"https:\/\/www.europesays.com\/ee\/wp-json\/wp\/v2\/posts\/253956","targetHints":{"allow":["GET"]}}],"collection":[{"href":"https:\/\/www.europesays.com\/ee\/wp-json\/wp\/v2\/posts"}],"about":[{"href":"https:\/\/www.europesays.com\/ee\/wp-json\/wp\/v2\/types\/post"}],"author":[{"embeddable":true,"href":"https:\/\/www.europesays.com\/ee\/wp-json\/wp\/v2\/users\/2"}],"replies":[{"embeddable":true,"href":"https:\/\/www.europesays.com\/ee\/wp-json\/wp\/v2\/comments?post=253956"}],"version-history":[{"count":0,"href":"https:\/\/www.europesays.com\/ee\/wp-json\/wp\/v2\/posts\/253956\/revisions"}],"wp:featuredmedia":[{"embeddable":true,"href":"https:\/\/www.europesays.com\/ee\/wp-json\/wp\/v2\/media\/253957"}],"wp:attachment":[{"href":"https:\/\/www.europesays.com\/ee\/wp-json\/wp\/v2\/media?parent=253956"}],"wp:term":[{"taxonomy":"category","embeddable":true,"href":"https:\/\/www.europesays.com\/ee\/wp-json\/wp\/v2\/categories?post=253956"},{"taxonomy":"post_tag","embeddable":true,"href":"https:\/\/www.europesays.com\/ee\/wp-json\/wp\/v2\/tags?post=253956"}],"curies":[{"name":"wp","href":"https:\/\/api.w.org\/{rel}","templated":true}]}}