{"id":253986,"date":"2026-08-17T10:02:15","date_gmt":"2026-08-17T10:02:15","guid":{"rendered":"https:\/\/www.europesays.com\/ee\/253986\/"},"modified":"2026-08-17T10:02:15","modified_gmt":"2026-08-17T10:02:15","slug":"endine-ukraina-kaitseminister-droonide-tihedus-on-peatselt-nii-suur-et-isegi-rindejoonest-eemal-on-voimatu-liikuda","status":"publish","type":"post","link":"https:\/\/www.europesays.com\/ee\/253986\/","title":{"rendered":"Endine Ukraina kaitseminister: droonide tihedus on peatselt nii suur, et isegi rindejoonest eemal on v\u00f5imatu liikuda"},"content":{"rendered":"<p>Ajakirjanik Caolan Robertson, kes on <a rel=\"noopener nofollow\" target=\"_blank\" href=\"https:\/\/www.delfi.ee\/teema\/29718775\/kiiev\" tag-id=\"29718775\">Kiievis<\/a> ja rindel sage k\u00fclaline, t\u00f5i v\u00e4lja kurioosse olukorra. \u201eMe istume siin s\u00f5jas oleva riigi pealinnas, kus puudub kaitseminister. Kuidas see juhtus?\u201c k\u00fcsis ta Fedorovilt.  <\/p>\n<p>Fedorovi s\u00f5nul on olukord keeruline, kuid ta rahustas, et see v\u00f5imuvaakum ei ole siiski andnud <a rel=\"noopener nofollow\" target=\"_blank\" href=\"https:\/\/www.delfi.ee\/teema\/3\/venemaa\" tag-id=\"3\">Venemaale<\/a> ootamatut eelist. Ta selgitas, et kaitseministeeriumis, kindralstaabis ja otse lahinguv\u00e4ljal t\u00f6\u00f6tab palju tarku ja v\u00f5imekaid inimesi, kes tagavad riigi kaitsev\u00f5ime katkematu toimimise. <\/p>\n<p><a href=\"https:\/\/www.delfi.ee\/artikkel\/120604221\/endine-ukraina-kaitseminister-droonide-tihedus-on-peatselt-nii-suur-et-isegi-rindejoonest-eemal-on-voimatu-liikuda\/kommentaarid\" class=\"button button--primary button--size-auto article-body-bottom__comment article-body-bottom__comment--write\" style=\"\" rel=\"nofollow noopener\" target=\"_blank\">Kommenteeri<\/a><a href=\"https:\/\/www.delfi.ee\/artikkel\/120604221\/endine-ukraina-kaitseminister-droonide-tihedus-on-peatselt-nii-suur-et-isegi-rindejoonest-eemal-on-voimatu-liikuda\/kommentaarid\" class=\"button button--size-auto article-body-bottom__comment article-body-bottom__comment--read\" style=\"\" rel=\"nofollow noopener\" target=\"_blank\">Loe kommentaare (3)<\/a><\/p>\n","protected":false},"excerpt":{"rendered":"Ajakirjanik Caolan Robertson, kes on Kiievis ja rindel sage k\u00fclaline, t\u00f5i v\u00e4lja kurioosse olukorra. \u201eMe istume siin s\u00f5jas&hellip;\n","protected":false},"author":2,"featured_media":253987,"comment_status":"","ping_status":"","sticky":false,"template":"","format":"standard","meta":{"footnotes":"","_share_on_mastodon":"0"},"categories":[80],"tags":[26,27,1274,37,33,35,846,34,36,31,32,21,2164,1208,28,29,95,27833,54,19,25,107,23,24,262,22,20,96,30,263,92,93,94],"class_list":["post-253986","post","type-post","status-publish","format-standard","has-post-thumbnail","category-maailm","tag-breaking-news","tag-breakingnews","tag-droonid","tag-ee","tag-eesti","tag-eesti-keel","tag-elon-musk","tag-estonia","tag-estonian","tag-featured-news","tag-featurednews","tag-headlines","tag-kaitsetoostus","tag-kiiev","tag-latest-news","tag-latestnews","tag-maailm","tag-mohhailo-fedorov","tag-nato","tag-news","tag-populaarseimad-lood","tag-soda-ukrainas","tag-top-stories","tag-topstories","tag-ukraina","tag-uldised-uudised","tag-uudised","tag-venemaa","tag-viimased-uudised","tag-volodomor-zelenskoi","tag-world","tag-world-news","tag-worldnews"],"share_on_mastodon":{"url":"","error":"Validation failed: Text character limit of 500 exceeded"},"_links":{"self":[{"href":"https:\/\/www.europesays.com\/ee\/wp-json\/wp\/v2\/posts\/253986","targetHints":{"allow":["GET"]}}],"collection":[{"href":"https:\/\/www.europesays.com\/ee\/wp-json\/wp\/v2\/posts"}],"about":[{"href":"https:\/\/www.europesays.com\/ee\/wp-json\/wp\/v2\/types\/post"}],"author":[{"embeddable":true,"href":"https:\/\/www.europesays.com\/ee\/wp-json\/wp\/v2\/users\/2"}],"replies":[{"embeddable":true,"href":"https:\/\/www.europesays.com\/ee\/wp-json\/wp\/v2\/comments?post=253986"}],"version-history":[{"count":0,"href":"https:\/\/www.europesays.com\/ee\/wp-json\/wp\/v2\/posts\/253986\/revisions"}],"wp:featuredmedia":[{"embeddable":true,"href":"https:\/\/www.europesays.com\/ee\/wp-json\/wp\/v2\/media\/253987"}],"wp:attachment":[{"href":"https:\/\/www.europesays.com\/ee\/wp-json\/wp\/v2\/media?parent=253986"}],"wp:term":[{"taxonomy":"category","embeddable":true,"href":"https:\/\/www.europesays.com\/ee\/wp-json\/wp\/v2\/categories?post=253986"},{"taxonomy":"post_tag","embeddable":true,"href":"https:\/\/www.europesays.com\/ee\/wp-json\/wp\/v2\/tags?post=253986"}],"curies":[{"name":"wp","href":"https:\/\/api.w.org\/{rel}","templated":true}]}}