{"id":254012,"date":"2026-08-17T10:37:12","date_gmt":"2026-08-17T10:37:12","guid":{"rendered":"https:\/\/www.europesays.com\/ee\/254012\/"},"modified":"2026-08-17T10:37:12","modified_gmt":"2026-08-17T10:37:12","slug":"lati-kaitseminister-teatas-et-droon-sisenes-reedel-lati-ohuruumi-valgevenest","status":"publish","type":"post","link":"https:\/\/www.europesays.com\/ee\/254012\/","title":{"rendered":"L\u00e4ti kaitseminister teatas, et droon sisenes reedel L\u00e4ti \u00f5huruumi Valgevenest"},"content":{"rendered":"<p>Drooni p\u00e4ritoluriiki tehakse praegu endiselt kindlaks, vahendab L\u00e4ti Delfi.<\/p>\n<p>Melnis kinnitas, et L\u00e4ti \u00f5huruumi lendavad <a rel=\"noopener nofollow\" target=\"_blank\" href=\"https:\/\/www.delfi.ee\/teema\/96857000\/droonid-1\" tag-id=\"96857000\">droonid<\/a> tulistatakse alla.<\/p>\n<p>Varem on Melnis teatanud, et otsus droon alla tulistada tehti selleks, et see ei tekitaks kahju L\u00e4ti elanikele.<\/p>\n<p><a rel=\"noopener nofollow\" target=\"_blank\" href=\"https:\/\/www.delfi.ee\/teema\/24581263\/nato\" tag-id=\"24581263\">NATO<\/a> h\u00e4vitajad tulistasid drooni alla Bo\u017eeva j\u00e4rve l\u00e4hedal, mis asub umbes viie kilomeetri kaugusel Rug\u0101ji asula keskusest Balvi omavalitsuses.<\/p>\n<p>Droon kukkus metsasesse piirkonda ja mingit kahju ei tekkinud.<\/p>\n<p>Kuidas see lugu Sind end tundma pani?Saada<a href=\"https:\/\/www.delfi.ee\/artikkel\/120604254\/lati-kaitseminister-teatas-et-droon-sisenes-reedel-lati-ohuruumi-valgevenest\/kommentaarid\" class=\"button button--primary button--size-auto article-body-bottom__comment article-body-bottom__comment--write\" style=\"\" rel=\"nofollow noopener\" target=\"_blank\">Kommenteeri<\/a><a href=\"https:\/\/www.delfi.ee\/artikkel\/120604254\/lati-kaitseminister-teatas-et-droon-sisenes-reedel-lati-ohuruumi-valgevenest\/kommentaarid\" class=\"button button--size-auto article-body-bottom__comment article-body-bottom__comment--read\" style=\"\" rel=\"nofollow noopener\" target=\"_blank\">Loe kommentaare (5)<\/a><\/p>\n","protected":false},"excerpt":{"rendered":"Drooni p\u00e4ritoluriiki tehakse praegu endiselt kindlaks, vahendab L\u00e4ti Delfi. Melnis kinnitas, et L\u00e4ti \u00f5huruumi lendavad droonid tulistatakse alla.&hellip;\n","protected":false},"author":2,"featured_media":254013,"comment_status":"","ping_status":"","sticky":false,"template":"","format":"standard","meta":{"footnotes":"","_share_on_mastodon":"0"},"categories":[80],"tags":[26,27,1274,37,33,35,34,36,31,32,21,28,29,114,95,54,19,25,23,24,22,20,2170,30,92,93,94],"class_list":["post-254012","post","type-post","status-publish","format-standard","has-post-thumbnail","category-maailm","tag-breaking-news","tag-breakingnews","tag-droonid","tag-ee","tag-eesti","tag-eesti-keel","tag-estonia","tag-estonian","tag-featured-news","tag-featurednews","tag-headlines","tag-latest-news","tag-latestnews","tag-lati","tag-maailm","tag-nato","tag-news","tag-populaarseimad-lood","tag-top-stories","tag-topstories","tag-uldised-uudised","tag-uudised","tag-valgevene","tag-viimased-uudised","tag-world","tag-world-news","tag-worldnews"],"share_on_mastodon":{"url":"https:\/\/pubeurope.com\/@ee\/117110416702376444","error":""},"_links":{"self":[{"href":"https:\/\/www.europesays.com\/ee\/wp-json\/wp\/v2\/posts\/254012","targetHints":{"allow":["GET"]}}],"collection":[{"href":"https:\/\/www.europesays.com\/ee\/wp-json\/wp\/v2\/posts"}],"about":[{"href":"https:\/\/www.europesays.com\/ee\/wp-json\/wp\/v2\/types\/post"}],"author":[{"embeddable":true,"href":"https:\/\/www.europesays.com\/ee\/wp-json\/wp\/v2\/users\/2"}],"replies":[{"embeddable":true,"href":"https:\/\/www.europesays.com\/ee\/wp-json\/wp\/v2\/comments?post=254012"}],"version-history":[{"count":0,"href":"https:\/\/www.europesays.com\/ee\/wp-json\/wp\/v2\/posts\/254012\/revisions"}],"wp:featuredmedia":[{"embeddable":true,"href":"https:\/\/www.europesays.com\/ee\/wp-json\/wp\/v2\/media\/254013"}],"wp:attachment":[{"href":"https:\/\/www.europesays.com\/ee\/wp-json\/wp\/v2\/media?parent=254012"}],"wp:term":[{"taxonomy":"category","embeddable":true,"href":"https:\/\/www.europesays.com\/ee\/wp-json\/wp\/v2\/categories?post=254012"},{"taxonomy":"post_tag","embeddable":true,"href":"https:\/\/www.europesays.com\/ee\/wp-json\/wp\/v2\/tags?post=254012"}],"curies":[{"name":"wp","href":"https:\/\/api.w.org\/{rel}","templated":true}]}}