{"id":254052,"date":"2026-08-17T11:13:07","date_gmt":"2026-08-17T11:13:07","guid":{"rendered":"https:\/\/www.europesays.com\/ee\/254052\/"},"modified":"2026-08-17T11:13:07","modified_gmt":"2026-08-17T11:13:07","slug":"wsj-iraan-valmistub-lahis-idas-laiemaks-sojaks-valismaa","status":"publish","type":"post","link":"https:\/\/www.europesays.com\/ee\/254052\/","title":{"rendered":"WSJ: Iraan valmistub L\u00e4his-Idas laiemaks s\u00f5jaks | V\u00e4lismaa"},"content":{"rendered":"<p>Iraan valmistub L\u00e4his-Idas laiemaks s\u00f5jaks, teatas p\u00fchap\u00e4eval USA ajaleht Wall Street Journal.<\/p>\n<p>Iraan allkirjastas juunis \u00dchendriikidega eelkokkuleppe s\u00f5ja l\u00f5petamiseks. Lehe andmetel ei usaldanud Iraani juhtkond aga rahul\u00e4bir\u00e4\u00e4kimisi, vaid uskus, et USA ja Iisrael venitavad vaid aega, et hiljem suuremat r\u00fcnnakut korraldada.<\/p>\n<p>Seet\u00f5ttu on Iraan ajalehe andmetel n\u00e4iteks suurendanud rakettide ja droonide tootmist, kasvatanud revolutsioonikaardi v\u00f5imu armee suhtes ning m\u00e4\u00e4ranud kogenud s\u00f5javeterane v\u00f5tmepositsioonidele.<\/p>\n<p>Ajalehe andmetel on Iraani juhid r\u00e4\u00e4kinud ka r\u00fcndeoperatsioonidest, mis on teinud murelikuks n\u00e4iteks Kuveidi.<\/p>\n<p>Iraanist saadetud droonid r\u00fcndasid Kurdistani peaministri kantseleid<\/p>\n<p>Kaks Iraanist saadetud drooni r\u00fcndas \u00f6\u00f6l vastu esmasp\u00e4eva Iraagi Kurdistani peaministri kantseleid ja autonoomse piirkonna luurejuhi kodu, teatasid ametnikud.<\/p>\n<p>&#8220;T\u00e4na sai Iraani droonir\u00fcnnakute sihtm\u00e4rgiks minu isiklik kantselei ning julgeoleku- ja luureagentuuri juhi kodu,&#8221; \u00fctles Kurdistani peaminister Masrour Barzani sotsiaalmeediaplatvormil X tehtud postituses.<\/p>\n<p>Piirkondliku terrorismivastase v\u00f5itluse direktoraadi teatel r\u00fcnnakus keegi kannatada ei saanud.<\/p>\n<p>Alates L\u00e4his-Ida s\u00f5ja algusest on Kurdistani piirkond, kus paiknevad USA v\u00e4ed ja v\u00e4lismaised naftafirmad ning Iraanist v\u00e4lja saadetud m\u00e4ssulised, langenud enam kui tuhande Teherani ja Iraani-meelsete Iraagi relvar\u00fchmituste r\u00fcnnaku sihtm\u00e4rgiks.<\/p>\n","protected":false},"excerpt":{"rendered":"Iraan valmistub L\u00e4his-Idas laiemaks s\u00f5jaks, teatas p\u00fchap\u00e4eval USA ajaleht Wall Street Journal. Iraan allkirjastas juunis \u00dchendriikidega eelkokkuleppe s\u00f5ja&hellip;\n","protected":false},"author":2,"featured_media":254053,"comment_status":"","ping_status":"","sticky":false,"template":"","format":"standard","meta":{"footnotes":"","_share_on_mastodon":"0"},"categories":[5],"tags":[26,27,37,33,35,34,36,31,32,21,1925,56544,4376,28,29,19,25,1049,23,24,22,325,20,30],"class_list":["post-254052","post","type-post","status-publish","format-standard","has-post-thumbnail","category-uldised-uudised","tag-breaking-news","tag-breakingnews","tag-ee","tag-eesti","tag-eesti-keel","tag-estonia","tag-estonian","tag-featured-news","tag-featurednews","tag-headlines","tag-iraan","tag-kurdistan","tag-lahis-ida","tag-latest-news","tag-latestnews","tag-news","tag-populaarseimad-lood","tag-soda","tag-top-stories","tag-topstories","tag-uldised-uudised","tag-usa","tag-uudised","tag-viimased-uudised"],"share_on_mastodon":{"url":"https:\/\/pubeurope.com\/@ee\/117110558330289468","error":""},"_links":{"self":[{"href":"https:\/\/www.europesays.com\/ee\/wp-json\/wp\/v2\/posts\/254052","targetHints":{"allow":["GET"]}}],"collection":[{"href":"https:\/\/www.europesays.com\/ee\/wp-json\/wp\/v2\/posts"}],"about":[{"href":"https:\/\/www.europesays.com\/ee\/wp-json\/wp\/v2\/types\/post"}],"author":[{"embeddable":true,"href":"https:\/\/www.europesays.com\/ee\/wp-json\/wp\/v2\/users\/2"}],"replies":[{"embeddable":true,"href":"https:\/\/www.europesays.com\/ee\/wp-json\/wp\/v2\/comments?post=254052"}],"version-history":[{"count":0,"href":"https:\/\/www.europesays.com\/ee\/wp-json\/wp\/v2\/posts\/254052\/revisions"}],"wp:featuredmedia":[{"embeddable":true,"href":"https:\/\/www.europesays.com\/ee\/wp-json\/wp\/v2\/media\/254053"}],"wp:attachment":[{"href":"https:\/\/www.europesays.com\/ee\/wp-json\/wp\/v2\/media?parent=254052"}],"wp:term":[{"taxonomy":"category","embeddable":true,"href":"https:\/\/www.europesays.com\/ee\/wp-json\/wp\/v2\/categories?post=254052"},{"taxonomy":"post_tag","embeddable":true,"href":"https:\/\/www.europesays.com\/ee\/wp-json\/wp\/v2\/tags?post=254052"}],"curies":[{"name":"wp","href":"https:\/\/api.w.org\/{rel}","templated":true}]}}