{"id":254114,"date":"2026-08-17T12:19:10","date_gmt":"2026-08-17T12:19:10","guid":{"rendered":"https:\/\/www.europesays.com\/ee\/254114\/"},"modified":"2026-08-17T12:19:10","modified_gmt":"2026-08-17T12:19:10","slug":"politsei-palub-abi-tartus-kadunud-15-aastase-katlini-leidmisel","status":"publish","type":"post","link":"https:\/\/www.europesays.com\/ee\/254114\/","title":{"rendered":"Politsei palub abi Tartus kadunud 15-aastase K\u00e4tlini leidmisel"},"content":{"rendered":"<p class=\"x_MsoNormal\">K\u00e4tlin lahkus kodust 12. augustil ning l\u00e4hedastel puudub teadmine, kus t\u00fcdruk viibida v\u00f5iks. Telefoni t\u00fcdrukul kaasas ei ole.<\/p>\n<p class=\"x_MsoNormal\">Politsei on suhelnud K\u00e4tlini l\u00e4hedastega ning kontrollinud tema v\u00f5imalikke viibimiskohti, kuid seni ei ole \u00f5nnestunud teda leida. T\u00fcdruk on ka varasemalt nii kodust lahkunud.<\/p>\n<p><img decoding=\"async\" class=\"figure__image\" onclick=\"triggerEvent('articleImageClick', { id: 17853745, focus: 'single-image', focusIndex: '17853745' })\" onkeydown=\"if (event.key === 'Enter') {&#10;        triggerEvent('articleImageClick', { id: 17853745, focus: 'single-image', focusIndex: '17853745' })&#10;        }\" role=\"button\" tabindex=\"0\" data-focus-from=\"single-image\" data-focus-index=\"17853745\" src=\"https:\/\/www.europesays.com\/ee\/wp-content\/uploads\/2026\/08\/17853745t1h97f6.jpg\"  onload=\"this.parentElement.classList.remove('figure__image-loading')\" alt=\"Viimati oli K\u00e4tlinil seljas sinakas-roheline Nike'i dressipluus, jalas mustad Nike'i dressip\u00fcksid ja k\u00f5rged valged Nike'i tossud.\"\/>Viimati oli K\u00e4tlinil seljas sinakas-roheline Nike&#8217;i dressipluus, jalas mustad Nike&#8217;i dressip\u00fcksid ja k\u00f5rged valged Nike&#8217;i tossud. Foto: Politsei<\/p>\n<p class=\"x_MsoNormal\">K\u00e4tlin on umbes 170 cm pikk ja k\u00f5hna kehaehitusega. Viimati oli tal seljas sinakas-roheline Nike&#8217;i dressipluus, jalas mustad Nike&#8217;i dressip\u00fcksid ja k\u00f5rged valged Nike&#8217;i tossud.<\/p>\n<p class=\"x_MsoNormal\">Politsei palub k\u00f5igil, kes on K\u00e4tlinit n\u00e4inud v\u00f5i kel on infot tema v\u00f5imaliku asukoha kohta, anda sellest teada h\u00e4daabinumbril 112.<\/p>\n","protected":false},"excerpt":{"rendered":"K\u00e4tlin lahkus kodust 12. augustil ning l\u00e4hedastel puudub teadmine, kus t\u00fcdruk viibida v\u00f5iks. Telefoni t\u00fcdrukul kaasas ei ole.&hellip;\n","protected":false},"author":2,"featured_media":254115,"comment_status":"","ping_status":"","sticky":false,"template":"","format":"standard","meta":{"footnotes":"","_share_on_mastodon":"0"},"categories":[5],"tags":[26,27,37,33,35,34,36,31,32,21,1918,28,29,19,27043,2920,25,23,24,22,20,30],"class_list":["post-254114","post","type-post","status-publish","format-standard","has-post-thumbnail","category-uldised-uudised","tag-breaking-news","tag-breakingnews","tag-ee","tag-eesti","tag-eesti-keel","tag-estonia","tag-estonian","tag-featured-news","tag-featurednews","tag-headlines","tag-kadunud","tag-latest-news","tag-latestnews","tag-news","tag-politsei-palub-abi","tag-politsei-ja-piirivalveamet","tag-populaarseimad-lood","tag-top-stories","tag-topstories","tag-uldised-uudised","tag-uudised","tag-viimased-uudised"],"share_on_mastodon":{"url":"https:\/\/pubeurope.com\/@ee\/117110818445872209","error":""},"_links":{"self":[{"href":"https:\/\/www.europesays.com\/ee\/wp-json\/wp\/v2\/posts\/254114","targetHints":{"allow":["GET"]}}],"collection":[{"href":"https:\/\/www.europesays.com\/ee\/wp-json\/wp\/v2\/posts"}],"about":[{"href":"https:\/\/www.europesays.com\/ee\/wp-json\/wp\/v2\/types\/post"}],"author":[{"embeddable":true,"href":"https:\/\/www.europesays.com\/ee\/wp-json\/wp\/v2\/users\/2"}],"replies":[{"embeddable":true,"href":"https:\/\/www.europesays.com\/ee\/wp-json\/wp\/v2\/comments?post=254114"}],"version-history":[{"count":0,"href":"https:\/\/www.europesays.com\/ee\/wp-json\/wp\/v2\/posts\/254114\/revisions"}],"wp:featuredmedia":[{"embeddable":true,"href":"https:\/\/www.europesays.com\/ee\/wp-json\/wp\/v2\/media\/254115"}],"wp:attachment":[{"href":"https:\/\/www.europesays.com\/ee\/wp-json\/wp\/v2\/media?parent=254114"}],"wp:term":[{"taxonomy":"category","embeddable":true,"href":"https:\/\/www.europesays.com\/ee\/wp-json\/wp\/v2\/categories?post=254114"},{"taxonomy":"post_tag","embeddable":true,"href":"https:\/\/www.europesays.com\/ee\/wp-json\/wp\/v2\/tags?post=254114"}],"curies":[{"name":"wp","href":"https:\/\/api.w.org\/{rel}","templated":true}]}}