{"id":254250,"date":"2026-08-17T14:43:08","date_gmt":"2026-08-17T14:43:08","guid":{"rendered":"https:\/\/www.europesays.com\/ee\/254250\/"},"modified":"2026-08-17T14:43:08","modified_gmt":"2026-08-17T14:43:08","slug":"volakirjaomanikud-andsid-air-balticule-hingetombeaega-valismaa","status":"publish","type":"post","link":"https:\/\/www.europesays.com\/ee\/254250\/","title":{"rendered":"V\u00f5lakirjaomanikud andsid Air Balticule hinget\u00f5mbeaega | V\u00e4lismaa"},"content":{"rendered":"<p>Air Balticu v\u00f5lakirjaomanikud andsid esmasp\u00e4eval lennufirmale rohkem rahalist paindlikkust, mis annab L\u00e4ti lennufirmale aega oma tegevuse \u00fcmberkorraldamiseks ja vajaliku rahastamise \u00fcle l\u00e4bir\u00e4\u00e4kimiste pidamiseks. Lennufirma teatel j\u00e4tkuvad lennud praegu tavap\u00e4raselt.<\/p>\n<p>Air Balticu 380 miljoni euro v\u00e4\u00e4rtuses v\u00f5lakirjade omanikud kiitsid heaks muudatused, mis v\u00f5imaldavad lennufirmal t\u00e4navu tasumisele kuuluvad intressimaksed kapitaliseerida. Seega saab lennufirma t\u00e4navu tasumisele kuuluvad intressid rahas j\u00e4tta v\u00e4lja maksmata ning lisada need ettev\u00f5tte v\u00f5lale.\u00a0<\/p>\n<p>17. augustil toimunud v\u00f5lakirjaomanike \u00fcldkoosolekul toetati k\u00f5iki Air Balticu 14,5-protsendilise intressim\u00e4\u00e4raga ja 2029. aastal lunastuvate v\u00f5lakirjadega seotud erakorralisi otsuseid. Koosolekul olid t\u00e4idetud vajalikud kvoorumi- ja h\u00e4\u00e4lteenamuse n\u00f5uded.<\/p>\n<p>L\u00e4ti rahvusringh\u00e4\u00e4ling LSM kirjutab, et k\u00f5ige olulisem muudatus puudutab 14. augustil ja 14. novembril tasumisele kuuluvaid intresse. Neid ei pea Air Baltic v\u00e4lja maksma rahas, vaid intressid lisatakse v\u00f5lakirjade p\u00f5hiosale.<\/p>\n<p>See annab lennufirmale v\u00f5imaluse parandada oma likviidsust ajal, mil firma vaatab \u00fcle \u00e4riplaani ning otsib t\u00e4iendavat rahastust.<\/p>\n<p>Air Balticu kahjum ulatus eelmisel aastal 44,34 miljoni euroni, kuid v\u00f5rreldes 2024. aastaga oli kahjum mitu korda v\u00e4iksem. Eelmisel aastal kasvas firma k\u00e4ive v\u00f5rreldes 2024. aastaga 4,2 protsenti ja ulatus 779,34 miljoni euroni.<\/p>\n<p>Air Balticu v\u00f5lakirjaomanike koosolek pidi toimuma juba m\u00f6\u00f6dunud n\u00e4dala alguses, kuid j\u00e4i kvoorumi puudumise t\u00f5ttu \u00e4ra, uus koosolek toimus n\u00fc\u00fcd esmasp\u00e4eval.<\/p>\n","protected":false},"excerpt":{"rendered":"Air Balticu v\u00f5lakirjaomanikud andsid esmasp\u00e4eval lennufirmale rohkem rahalist paindlikkust, mis annab L\u00e4ti lennufirmale aega oma tegevuse \u00fcmberkorraldamiseks ja&hellip;\n","protected":false},"author":2,"featured_media":254251,"comment_status":"","ping_status":"","sticky":false,"template":"","format":"standard","meta":{"footnotes":"","_share_on_mastodon":"0"},"categories":[5],"tags":[29074,26,27,37,33,35,34,36,31,32,21,28,29,114,1769,19,25,23,24,22,20,30,2704],"class_list":["post-254250","post","type-post","status-publish","format-standard","has-post-thumbnail","category-uldised-uudised","tag-air-baltic","tag-breaking-news","tag-breakingnews","tag-ee","tag-eesti","tag-eesti-keel","tag-estonia","tag-estonian","tag-featured-news","tag-featurednews","tag-headlines","tag-latest-news","tag-latestnews","tag-lati","tag-lennufirma","tag-news","tag-populaarseimad-lood","tag-top-stories","tag-topstories","tag-uldised-uudised","tag-uudised","tag-viimased-uudised","tag-volg"],"share_on_mastodon":{"url":"https:\/\/pubeurope.com\/@ee\/117111384002512261","error":""},"_links":{"self":[{"href":"https:\/\/www.europesays.com\/ee\/wp-json\/wp\/v2\/posts\/254250","targetHints":{"allow":["GET"]}}],"collection":[{"href":"https:\/\/www.europesays.com\/ee\/wp-json\/wp\/v2\/posts"}],"about":[{"href":"https:\/\/www.europesays.com\/ee\/wp-json\/wp\/v2\/types\/post"}],"author":[{"embeddable":true,"href":"https:\/\/www.europesays.com\/ee\/wp-json\/wp\/v2\/users\/2"}],"replies":[{"embeddable":true,"href":"https:\/\/www.europesays.com\/ee\/wp-json\/wp\/v2\/comments?post=254250"}],"version-history":[{"count":0,"href":"https:\/\/www.europesays.com\/ee\/wp-json\/wp\/v2\/posts\/254250\/revisions"}],"wp:featuredmedia":[{"embeddable":true,"href":"https:\/\/www.europesays.com\/ee\/wp-json\/wp\/v2\/media\/254251"}],"wp:attachment":[{"href":"https:\/\/www.europesays.com\/ee\/wp-json\/wp\/v2\/media?parent=254250"}],"wp:term":[{"taxonomy":"category","embeddable":true,"href":"https:\/\/www.europesays.com\/ee\/wp-json\/wp\/v2\/categories?post=254250"},{"taxonomy":"post_tag","embeddable":true,"href":"https:\/\/www.europesays.com\/ee\/wp-json\/wp\/v2\/tags?post=254250"}],"curies":[{"name":"wp","href":"https:\/\/api.w.org\/{rel}","templated":true}]}}