{"id":254330,"date":"2026-08-17T16:18:10","date_gmt":"2026-08-17T16:18:10","guid":{"rendered":"https:\/\/www.europesays.com\/ee\/254330\/"},"modified":"2026-08-17T16:18:10","modified_gmt":"2026-08-17T16:18:10","slug":"basseinis-teadvuse-kaotanud-itaalia-korgliiga-mangija-viidi-kunstlikku-koomasse","status":"publish","type":"post","link":"https:\/\/www.europesays.com\/ee\/254330\/","title":{"rendered":"Basseinis teadvuse kaotanud Itaalia k\u00f5rgliiga m\u00e4ngija viidi kunstlikku koomasse"},"content":{"rendered":"<p>Trepy sattus vabal p\u00e4eval basseinis uppumisohtu. Ajalehe La Gazzetta dello Sport andmetel sattus prantslasest m\u00e4ngija basseini s\u00fcgavamasse ossa ning kuna ta ei osanud h\u00e4sti ujuda, vajus ta vee alla ja kaotas teadvuse.<\/p>\n<p>20-aastasele jalgpallurile anti kiiresti arstiabi ning ta toimetati helikopteriga Sassari haiglasse. R\u00fcndaja viibib intensiivravi osakonnas ja on kunstlikus koomas. Haiglas n\u00e4itas rindkere kompuutertomograafia, et m\u00e4ngija kopsudes on suures koguses vett, mist\u00f5ttu oli tema hingamine raskendatud.<\/p>\n<p>\u201eKlubi on pidevas kontaktis haigla ja jalgpalluri perekonnaga ning j\u00e4lgime maksimaalse t\u00e4helepanuga tema seisundi arengut. Praegu on kogu Cagliari Calcio m\u00f5te suunatud Yaelile ja tema l\u00e4hedastele. Klubi palub \u00fchtlasi austada nende privaatsust ning anname jooksvalt arengutest teada,\u201c teatas klubi sotsiaalmeedias.<\/p>\n<p>191-sentimeetrise r\u00fcndaja arvele j\u00e4i eelmisel hooajal kaheksa liigam\u00e4ngu ja \u00fcks v\u00e4rav. Reedel pidas Cagliari karikakohtumise Arezzoga ning Trepy kuulus selles m\u00e4ngus algkoosseisu.<\/p>\n<p>Kuidas see lugu Sind end tundma pani?Saada<a href=\"https:\/\/sport.delfi.ee\/artikkel\/120604361\/basseinis-teadvuse-kaotanud-itaalia-korgliiga-mangija-viidi-kunstlikku-koomasse\/kommentaarid\" class=\"button button--primary button--size-auto article-body-bottom__comment article-body-bottom__comment--write\" style=\"\" rel=\"nofollow noopener\" target=\"_blank\">Kommenteeri<\/a><a href=\"https:\/\/sport.delfi.ee\/artikkel\/120604361\/basseinis-teadvuse-kaotanud-itaalia-korgliiga-mangija-viidi-kunstlikku-koomasse\/kommentaarid\" class=\"button button--size-auto article-body-bottom__comment article-body-bottom__comment--read\" style=\"\" rel=\"nofollow noopener\" target=\"_blank\">Loe kommentaare <\/a><\/p>\n","protected":false},"excerpt":{"rendered":"Trepy sattus vabal p\u00e4eval basseinis uppumisohtu. Ajalehe La Gazzetta dello Sport andmetel sattus prantslasest m\u00e4ngija basseini s\u00fcgavamasse ossa&hellip;\n","protected":false},"author":2,"featured_media":254331,"comment_status":"","ping_status":"","sticky":false,"template":"","format":"standard","meta":{"footnotes":"","_share_on_mastodon":"0"},"categories":[18],"tags":[5152,37,33,35,34,36,159,158],"class_list":["post-254330","post","type-post","status-publish","format-standard","has-post-thumbnail","category-sport","tag-cagliari","tag-ee","tag-eesti","tag-eesti-keel","tag-estonia","tag-estonian","tag-sport","tag-sports"],"share_on_mastodon":{"url":"https:\/\/pubeurope.com\/@ee\/117111757691257079","error":""},"_links":{"self":[{"href":"https:\/\/www.europesays.com\/ee\/wp-json\/wp\/v2\/posts\/254330","targetHints":{"allow":["GET"]}}],"collection":[{"href":"https:\/\/www.europesays.com\/ee\/wp-json\/wp\/v2\/posts"}],"about":[{"href":"https:\/\/www.europesays.com\/ee\/wp-json\/wp\/v2\/types\/post"}],"author":[{"embeddable":true,"href":"https:\/\/www.europesays.com\/ee\/wp-json\/wp\/v2\/users\/2"}],"replies":[{"embeddable":true,"href":"https:\/\/www.europesays.com\/ee\/wp-json\/wp\/v2\/comments?post=254330"}],"version-history":[{"count":0,"href":"https:\/\/www.europesays.com\/ee\/wp-json\/wp\/v2\/posts\/254330\/revisions"}],"wp:featuredmedia":[{"embeddable":true,"href":"https:\/\/www.europesays.com\/ee\/wp-json\/wp\/v2\/media\/254331"}],"wp:attachment":[{"href":"https:\/\/www.europesays.com\/ee\/wp-json\/wp\/v2\/media?parent=254330"}],"wp:term":[{"taxonomy":"category","embeddable":true,"href":"https:\/\/www.europesays.com\/ee\/wp-json\/wp\/v2\/categories?post=254330"},{"taxonomy":"post_tag","embeddable":true,"href":"https:\/\/www.europesays.com\/ee\/wp-json\/wp\/v2\/tags?post=254330"}],"curies":[{"name":"wp","href":"https:\/\/api.w.org\/{rel}","templated":true}]}}