{"id":254344,"date":"2026-08-17T16:31:34","date_gmt":"2026-08-17T16:31:34","guid":{"rendered":"https:\/\/www.europesays.com\/ee\/254344\/"},"modified":"2026-08-17T16:31:34","modified_gmt":"2026-08-17T16:31:34","slug":"venemaa-kaotust-kurnamissojas-ja-sotsiaalset-kriisi-ennustanud-veb-panga-peaokonomist-sai-teadete-kohaselt-sule-sappa-2","status":"publish","type":"post","link":"https:\/\/www.europesays.com\/ee\/254344\/","title":{"rendered":"Venemaa kaotust kurnamiss\u00f5jas ja sotsiaalset kriisi ennustanud VEB panga pea\u00f6konomist sai teadete kohaselt sule sappa"},"content":{"rendered":"<p>Klepat\u0161 vallandati eile p\u00e4rast seda, kui p\u00e4ev varem levis Vene meedias The Moscow Timesi uudis tema maikuise esinemise tsitaatidega, \u00fctlesid The Bellile kaks Klepat\u0161i tuttavat. <a rel=\"noopener nofollow\" target=\"_blank\" href=\"https:\/\/www.delfi.ee\/teema\/22871535\/moskva\" tag-id=\"22871535\">Moskva<\/a> b\u00f6rsi Nikitski klubi \u00fcritusel r\u00e4\u00e4kis Klepat\u0161, et Venemaa ei pea venivas konfliktis l\u00e4\u00e4nega konkurentsile vastu, ja ennustas riigis sotsiaalset kriisi.<\/p>\n<p>The Belli \u00fche allika s\u00f5nul vallandas VEB juht <a rel=\"noopener nofollow\" target=\"_blank\" href=\"https:\/\/www.delfi.ee\/teema\/72047819\/igor-suvalov\" tag-id=\"72047819\">Igor \u0160uvalov<\/a> Klepat\u0161i k\u00f5rgemalt poolt tulnud telefonik\u00f5ne peale. Teine allikas kinnitas, et vallandamine on seotud maikuise esinemisega.<\/p>\n<p>Klepat\u0161 esines ettekandega \u201eVenemaa majandus ja geopoliitilised v\u00e4ljakutsed\u201c 21. mail. Ettekandes m\u00e4rkis Klepat\u0161, et vaatamata Venemaa majanduse suurele vastupidavusele sanktsioonidele kasvab ka kahjude ulatus. \u201eP\u00e4rast Venemaa rekordilist kasvutempot aastatel 2023-2024 langes see 2025.-l ja ootuste j\u00e4rgi on see ka sel aastal v\u00e4iksem USA ja Ukraina kasvutempost, kellega meil on s\u00f5jalis-poliitiline vastasseis,\u201c \u00fctles Klepat\u0161.<\/p>\n<p>Venemaa SKP kasv ei \u00fcleta 2027. aastal 1-1,5% ja j\u00e4\u00e4b \u00fcldiselt alla maailma majanduse kasvule, r\u00e4\u00e4kis Klepat\u0161. \u201eS\u00f5jalise erioperatsiooni ja Venemaa-vastaste sanktsioonide j\u00e4tkumise ning k\u00fcllaltki range raha- ja laenu- ja perspektiivis ka range eelarvepoliitika korral suudab Venemaa majandus vaevalt j\u00f5uda kasvutemponi \u00fcle 2-2,5% aastas,\u201c ennustas Klepat\u0161.<\/p>\n<p>2026. aastal on elanikkonna reaalsed kulutused kasvanud vaid 0,6% ja ebav\u00f5rdsus on lakanud kahanemast eelk\u00f5ige madalate pensionide t\u00f5ttu, mille mahaj\u00e4\u00e4mus palkadest suureneb pidevalt, ning ka v\u00e4ike- ja keskmise suurusega ettev\u00f5tete tulude kahanemise t\u00f5ttu, r\u00e4\u00e4kis Klepat\u0161.<\/p>\n<p>\u201eMida me oma majandusega ka ei teeks, j\u00e4\u00e4b see ellu. Selles m\u00f5ttes kriitilist punkti majanduse seisukohalt ei ole. [&#8212;] Probleem on pigem selles, et me j\u00e4\u00e4me maha. Me kaotame maailmas nii tehnoloogilises kui ka majanduslikus konkurentsis. Kusjuures ei kaota me ainult Hiinale ja USA-le, me kaotame milleski ka Ukrainale, kui ebameeldiv see ka mulle endale ei oleks. Ukraina majandus on arusaadavalt mingis osas purustatud, seal on demograafiline katastroof. Aga Ukraina majandus j\u00e4\u00e4b vaatamata k\u00f5igele ellu,\u201c lausus Klepat\u0161, kelle s\u00f5nul saab Ukraina l\u00e4\u00e4neriikidelt tohutut abi, ilma milleta tema majandus kokku variseks.<\/p>\n<p>\u201eSelles kurnamiss\u00f5jas ei v\u00f5ida me konkurentsis. Meil on illusioon, et seal variseb k\u00f5ik kokku. Ei ole varisenud ega varise. Meil kasvavad kulud. Elanikkonna k\u00fcsitluste j\u00e4rgi halveneb tervishoiu kvaliteedi olukord. Meil on teaduse ja tehnoloogia valdkonnas k\u00f5ik v\u00e4ga eba\u00fchtlane. M\u00f5nes valdkonnas on meil tulemusi ja l\u00e4bimurre, aga \u00fcldiselt minu arvates kaotame me konkurentsis, mitte ei v\u00f5ida. Kasvavad ebav\u00f5rdsuse probleemid. [&#8212;] Majandus peab vastu, aga v\u00f5ib tekkida sotsiaalne kriis, kusjuures siis, kui keegi seda eriti ei oota. Aga keegi ei oodanud, ma tuletan meelde, ka veebruarirevolutsiooni. [&#8212;] Ma usun, et Venemaa ei lagune, aga selles, et me j\u00f5uame sotsiaalse kriisini, olen ma peaaegu kindel. Majanduslikult me kokku ei varise, aga meie mahaj\u00e4\u00e4mus suureneb koos k\u00f5igi sellest tulenevate tagaj\u00e4rgedega,\u201c \u00fctles Klepat\u0161.<\/p>\n<p>Kuidas see lugu Sind end tundma pani?Saada<a href=\"https:\/\/www.delfi.ee\/a\/120604156\/\/kommentaarid\" class=\"button button--primary button--size-auto article-body-bottom__comment article-body-bottom__comment--write\" style=\"\" rel=\"nofollow noopener\" target=\"_blank\">Kommenteeri<\/a><a href=\"https:\/\/www.delfi.ee\/a\/120604156\/\/kommentaarid\" class=\"button button--size-auto article-body-bottom__comment article-body-bottom__comment--read\" style=\"\" rel=\"nofollow noopener\" target=\"_blank\">Loe kommentaare (40)<\/a><\/p>\n","protected":false},"excerpt":{"rendered":"Klepat\u0161 vallandati eile p\u00e4rast seda, kui p\u00e4ev varem levis Vene meedias The Moscow Timesi uudis tema maikuise esinemise&hellip;\n","protected":false},"author":2,"featured_media":254345,"comment_status":"","ping_status":"","sticky":false,"template":"","format":"standard","meta":{"footnotes":"","_share_on_mastodon":"0"},"categories":[80],"tags":[26,27,37,33,35,34,36,31,32,21,99456,28,29,95,108,19,25,107,23,24,22,20,99457,96,5433,30,92,93,94],"class_list":["post-254344","post","type-post","status-publish","format-standard","has-post-thumbnail","category-maailm","tag-breaking-news","tag-breakingnews","tag-ee","tag-eesti","tag-eesti-keel","tag-estonia","tag-estonian","tag-featured-news","tag-featurednews","tag-headlines","tag-igor-suvalov","tag-latest-news","tag-latestnews","tag-maailm","tag-moskva","tag-news","tag-populaarseimad-lood","tag-soda-ukrainas","tag-top-stories","tag-topstories","tag-uldised-uudised","tag-uudised","tag-veb-pank","tag-venemaa","tag-venemaa-majandus","tag-viimased-uudised","tag-world","tag-world-news","tag-worldnews"],"share_on_mastodon":{"url":"https:\/\/pubeurope.com\/@ee\/117111808961506753","error":""},"_links":{"self":[{"href":"https:\/\/www.europesays.com\/ee\/wp-json\/wp\/v2\/posts\/254344","targetHints":{"allow":["GET"]}}],"collection":[{"href":"https:\/\/www.europesays.com\/ee\/wp-json\/wp\/v2\/posts"}],"about":[{"href":"https:\/\/www.europesays.com\/ee\/wp-json\/wp\/v2\/types\/post"}],"author":[{"embeddable":true,"href":"https:\/\/www.europesays.com\/ee\/wp-json\/wp\/v2\/users\/2"}],"replies":[{"embeddable":true,"href":"https:\/\/www.europesays.com\/ee\/wp-json\/wp\/v2\/comments?post=254344"}],"version-history":[{"count":0,"href":"https:\/\/www.europesays.com\/ee\/wp-json\/wp\/v2\/posts\/254344\/revisions"}],"wp:featuredmedia":[{"embeddable":true,"href":"https:\/\/www.europesays.com\/ee\/wp-json\/wp\/v2\/media\/254345"}],"wp:attachment":[{"href":"https:\/\/www.europesays.com\/ee\/wp-json\/wp\/v2\/media?parent=254344"}],"wp:term":[{"taxonomy":"category","embeddable":true,"href":"https:\/\/www.europesays.com\/ee\/wp-json\/wp\/v2\/categories?post=254344"},{"taxonomy":"post_tag","embeddable":true,"href":"https:\/\/www.europesays.com\/ee\/wp-json\/wp\/v2\/tags?post=254344"}],"curies":[{"name":"wp","href":"https:\/\/api.w.org\/{rel}","templated":true}]}}