{"id":254446,"date":"2026-08-17T19:07:12","date_gmt":"2026-08-17T19:07:12","guid":{"rendered":"https:\/\/www.europesays.com\/ee\/254446\/"},"modified":"2026-08-17T19:07:12","modified_gmt":"2026-08-17T19:07:12","slug":"fotod-%e2%9f%a9-parnus-vajus-veoauto-kurvis-kulili","status":"publish","type":"post","link":"https:\/\/www.europesays.com\/ee\/254446\/","title":{"rendered":"FOTOD \u27e9 P\u00e4rnus vajus veoauto kurvis k\u00fclili"},"content":{"rendered":"<p>Politsei- ja piirivalveameti pressiesindaja Kaarel Kallase s\u00f5nul oli veoauto juht kaine ning kehtiva juhtimis\u00f5igusega. \u00d5nnetuses keegi viga ei saanud.<\/p>\n<p>\u00d5nnetus juhtus Tallinna maantee ja Ehitajate tee ristmiku l\u00e4hedal, kus on tavap\u00e4raselt tihe liiklus. Kuna masin on v\u00e4ga s\u00f5idutee servas, tasub selles kohas olla liikluses t\u00e4helepanelik, ent s\u00f5idukid mahuvad k\u00fclili veokist siiski kenasti m\u00f6\u00f6da.<\/p>\n<p>Esialgsetel andmetel ei olnud tegemist tahtliku rikkumisega, vaid \u00f5nnetusjuhtumiga ning s\u00fcndmusega tegeleb edasi kindlustus.<\/p>\n","protected":false},"excerpt":{"rendered":"Politsei- ja piirivalveameti pressiesindaja Kaarel Kallase s\u00f5nul oli veoauto juht kaine ning kehtiva juhtimis\u00f5igusega. \u00d5nnetuses keegi viga ei&hellip;\n","protected":false},"author":2,"featured_media":254447,"comment_status":"","ping_status":"","sticky":false,"template":"","format":"standard","meta":{"footnotes":"","_share_on_mastodon":"0"},"categories":[12],"tags":[26,27,37,33,35,34,36,31,32,21,28,29,349,19,2606,25,23,24,22,20,30],"class_list":["post-254446","post","type-post","status-publish","format-standard","has-post-thumbnail","category-eesti","tag-breaking-news","tag-breakingnews","tag-ee","tag-eesti","tag-eesti-keel","tag-estonia","tag-estonian","tag-featured-news","tag-featurednews","tag-headlines","tag-latest-news","tag-latestnews","tag-liiklusonnetus","tag-news","tag-onnetus","tag-populaarseimad-lood","tag-top-stories","tag-topstories","tag-uldised-uudised","tag-uudised","tag-viimased-uudised"],"share_on_mastodon":{"url":"https:\/\/pubeurope.com\/@ee\/117112422264131117","error":""},"_links":{"self":[{"href":"https:\/\/www.europesays.com\/ee\/wp-json\/wp\/v2\/posts\/254446","targetHints":{"allow":["GET"]}}],"collection":[{"href":"https:\/\/www.europesays.com\/ee\/wp-json\/wp\/v2\/posts"}],"about":[{"href":"https:\/\/www.europesays.com\/ee\/wp-json\/wp\/v2\/types\/post"}],"author":[{"embeddable":true,"href":"https:\/\/www.europesays.com\/ee\/wp-json\/wp\/v2\/users\/2"}],"replies":[{"embeddable":true,"href":"https:\/\/www.europesays.com\/ee\/wp-json\/wp\/v2\/comments?post=254446"}],"version-history":[{"count":0,"href":"https:\/\/www.europesays.com\/ee\/wp-json\/wp\/v2\/posts\/254446\/revisions"}],"wp:featuredmedia":[{"embeddable":true,"href":"https:\/\/www.europesays.com\/ee\/wp-json\/wp\/v2\/media\/254447"}],"wp:attachment":[{"href":"https:\/\/www.europesays.com\/ee\/wp-json\/wp\/v2\/media?parent=254446"}],"wp:term":[{"taxonomy":"category","embeddable":true,"href":"https:\/\/www.europesays.com\/ee\/wp-json\/wp\/v2\/categories?post=254446"},{"taxonomy":"post_tag","embeddable":true,"href":"https:\/\/www.europesays.com\/ee\/wp-json\/wp\/v2\/tags?post=254446"}],"curies":[{"name":"wp","href":"https:\/\/api.w.org\/{rel}","templated":true}]}}