{"id":254458,"date":"2026-08-17T19:27:17","date_gmt":"2026-08-17T19:27:17","guid":{"rendered":"https:\/\/www.europesays.com\/ee\/254458\/"},"modified":"2026-08-17T19:27:17","modified_gmt":"2026-08-17T19:27:17","slug":"ekspert-vastab-kas-hiinlastel-on-toesti-valmimas-muski-starlinki-havitamiseks-surmakiir","status":"publish","type":"post","link":"https:\/\/www.europesays.com\/ee\/254458\/","title":{"rendered":"EKSPERT VASTAB | Kas hiinlastel on t\u00f5esti valmimas Muski Starlinki h\u00e4vitamiseks \u201esurmakiir\u201c?"},"content":{"rendered":"<p>Suvel l\u00f5i ingliskeelses internetis laineid kollasev\u00f5itu <a rel=\"noopener follow nofollow\" target=\"_blank\" href=\"https:\/\/www.euronews.com\/next\/2026\/02\/06\/china-develops-compact-microwave-driver-that-could-power-a-starlink-killer-weapon\" data-rel-date-range=\"[]\">uudis <\/a>hiinlaste superrelvast, millega olevat v\u00f5imalik Starlinki satelliidiv\u00f5rk rivist v\u00e4lja l\u00fc\u00fca. Pealkirjad nagu \u201eHiina teadlased l\u00f5id relva, mis suudab Starlinki h\u00e4vitada\u201c levisid kiiresti \u00fchest internetiv\u00e4ljaandest teise ja neisse artiklitesse lisandus iga \u00fcmberjutustusega uusi sensatsioonilisi detaile ning l\u00f5puks j\u00e4i mulje, nagu oleks Hiinal mingi nupuke, millele vajutades saaks orbiidil olevaid satelliite alla tulistada v\u00f5i ulatuslikult rivist v\u00e4lja viia. Seda uudist ei levitanud mitte ainult nugatagused portaalid, vaid ka t\u00e4iesti auv\u00e4\u00e4rsed l\u00e4\u00e4ne meediakanalid.<\/p>\n<p>Millest see jutt alguse sai? Selle aluseks on Hiina teadlaste <a rel=\"noopener follow nofollow\" target=\"_blank\" href=\"https:\/\/www.hplpb.com.cn\/en\/article\/doi\/10.11884\/HPLPB202638.250362\" data-rel-date-range=\"[]\">uuring<\/a>, milles nad kirjeldavad sellise Tesla transformaatoril p\u00f5hineva kompaktse ja kerge impulssv\u00f5imsusallika arendamist, mille v\u00e4ljundv\u00f5imsus on 20 gigavatti. Tegelikult ei k\u00e4sitle teadlased uurimuses \u00fcldse relva ennast, vaid v\u00f5imalikke toite- ja energiavarustuslahendusi, mida saaks sellise s\u00fcsteemi puhul kasutada.<\/p>\n<p><a href=\"https:\/\/forte.delfi.ee\/artikkel\/120603587\/ekspert-vastab-kas-hiinlastel-on-toesti-valmimas-muski-starlinki-havitamiseks-surmakiir\/kommentaarid\" class=\"button button--primary button--size-auto article-body-bottom__comment article-body-bottom__comment--write\" style=\"\" rel=\"nofollow noopener\" target=\"_blank\">Kommenteeri<\/a><a href=\"https:\/\/forte.delfi.ee\/artikkel\/120603587\/ekspert-vastab-kas-hiinlastel-on-toesti-valmimas-muski-starlinki-havitamiseks-surmakiir\/kommentaarid\" class=\"button button--size-auto article-body-bottom__comment article-body-bottom__comment--read\" style=\"\" rel=\"nofollow noopener\" target=\"_blank\">Loe kommentaare (29)<\/a><\/p>\n","protected":false},"excerpt":{"rendered":"Suvel l\u00f5i ingliskeelses internetis laineid kollasev\u00f5itu uudis hiinlaste superrelvast, millega olevat v\u00f5imalik Starlinki satelliidiv\u00f5rk rivist v\u00e4lja l\u00fc\u00fca. Pealkirjad&hellip;\n","protected":false},"author":2,"featured_media":254459,"comment_status":"","ping_status":"","sticky":false,"template":"","format":"standard","meta":{"footnotes":"","_share_on_mastodon":"0"},"categories":[14],"tags":[131,130,37,33,35,34,36,11393],"class_list":["post-254458","post","type-post","status-publish","format-standard","has-post-thumbnail","category-ari","tag-ari","tag-business","tag-ee","tag-eesti","tag-eesti-keel","tag-estonia","tag-estonian","tag-starlink"],"share_on_mastodon":{"url":"https:\/\/pubeurope.com\/@ee\/117112500632391020","error":""},"_links":{"self":[{"href":"https:\/\/www.europesays.com\/ee\/wp-json\/wp\/v2\/posts\/254458","targetHints":{"allow":["GET"]}}],"collection":[{"href":"https:\/\/www.europesays.com\/ee\/wp-json\/wp\/v2\/posts"}],"about":[{"href":"https:\/\/www.europesays.com\/ee\/wp-json\/wp\/v2\/types\/post"}],"author":[{"embeddable":true,"href":"https:\/\/www.europesays.com\/ee\/wp-json\/wp\/v2\/users\/2"}],"replies":[{"embeddable":true,"href":"https:\/\/www.europesays.com\/ee\/wp-json\/wp\/v2\/comments?post=254458"}],"version-history":[{"count":0,"href":"https:\/\/www.europesays.com\/ee\/wp-json\/wp\/v2\/posts\/254458\/revisions"}],"wp:featuredmedia":[{"embeddable":true,"href":"https:\/\/www.europesays.com\/ee\/wp-json\/wp\/v2\/media\/254459"}],"wp:attachment":[{"href":"https:\/\/www.europesays.com\/ee\/wp-json\/wp\/v2\/media?parent=254458"}],"wp:term":[{"taxonomy":"category","embeddable":true,"href":"https:\/\/www.europesays.com\/ee\/wp-json\/wp\/v2\/categories?post=254458"},{"taxonomy":"post_tag","embeddable":true,"href":"https:\/\/www.europesays.com\/ee\/wp-json\/wp\/v2\/tags?post=254458"}],"curies":[{"name":"wp","href":"https:\/\/api.w.org\/{rel}","templated":true}]}}