{"id":254476,"date":"2026-08-17T19:48:08","date_gmt":"2026-08-17T19:48:08","guid":{"rendered":"https:\/\/www.europesays.com\/ee\/254476\/"},"modified":"2026-08-17T19:48:08","modified_gmt":"2026-08-17T19:48:08","slug":"peaaegu-uppunud-itaalia-korgliiga-jalgpallur-viibib-koomas-jalgpall","status":"publish","type":"post","link":"https:\/\/www.europesays.com\/ee\/254476\/","title":{"rendered":"Peaaegu uppunud Itaalia k\u00f5rgliiga jalgpallur viibib koomas | Jalgpall"},"content":{"rendered":"<p>Itaalia jalgpalli k\u00f5rgliiga klubi Cagliari noor r\u00fcndem\u00e4ngija Yael Trepy viibib p\u00e4rast \u00f5nnetust basseinis kunstlikus koomas.<\/p>\n<p>V\u00e4ljaande L&#8217;Unione Sarda teatel kaotas Trepy p\u00fchap\u00e4eval basseinis olles teadvuse ja peaaegu uppus. Ta toimetati Sassaris asuvasse haiglasse, kus viidi kunstlikusse koomasse, sest tema kopsudes avastati palju vedelikku.<\/p>\n<p>20-aastasele Trepyle tehti ka mitmeid teste, mis \u00f5nneks osutusid negatiivseteks. V\u00e4ljaande teatel on tema seisukord v\u00e4hem muret tekitav kui vahetult p\u00e4rast juhtunut.<\/p>\n<p>&#8220;Hetkel On Cagliari Calcio m\u00f5tted Yaeli ja tema perega,&#8221; kommenteeris klubi juhtunut. &#8220;Klubi soovib kogu austuse juures neile privaatsust ja teatab t\u00e4iendavaid uudiseid, kui need tulevad.&#8221;<\/p>\n<p>Alles paar p\u00e4eva varem oli Trepy m\u00e4nginud 54 minutit Itaalia karikasarja kohtumises Arezzoga. Eelmisel hooajal k\u00e4is ta Cagliari eest v\u00e4ljakul kaheksas liigakohtumises ja l\u00f5i ka \u00fche v\u00e4rava.<\/p>\n","protected":false},"excerpt":{"rendered":"Itaalia jalgpalli k\u00f5rgliiga klubi Cagliari noor r\u00fcndem\u00e4ngija Yael Trepy viibib p\u00e4rast \u00f5nnetust basseinis kunstlikus koomas. V\u00e4ljaande L&#8217;Unione Sarda&hellip;\n","protected":false},"author":2,"featured_media":254477,"comment_status":"","ping_status":"","sticky":false,"template":"","format":"standard","meta":{"footnotes":"","_share_on_mastodon":"0"},"categories":[18],"tags":[5152,37,33,35,34,36,2606,159,158,99676],"class_list":["post-254476","post","type-post","status-publish","format-standard","has-post-thumbnail","category-sport","tag-cagliari","tag-ee","tag-eesti","tag-eesti-keel","tag-estonia","tag-estonian","tag-onnetus","tag-sport","tag-sports","tag-yael-trepy"],"share_on_mastodon":{"url":"https:\/\/pubeurope.com\/@ee\/117112583577056859","error":""},"_links":{"self":[{"href":"https:\/\/www.europesays.com\/ee\/wp-json\/wp\/v2\/posts\/254476","targetHints":{"allow":["GET"]}}],"collection":[{"href":"https:\/\/www.europesays.com\/ee\/wp-json\/wp\/v2\/posts"}],"about":[{"href":"https:\/\/www.europesays.com\/ee\/wp-json\/wp\/v2\/types\/post"}],"author":[{"embeddable":true,"href":"https:\/\/www.europesays.com\/ee\/wp-json\/wp\/v2\/users\/2"}],"replies":[{"embeddable":true,"href":"https:\/\/www.europesays.com\/ee\/wp-json\/wp\/v2\/comments?post=254476"}],"version-history":[{"count":0,"href":"https:\/\/www.europesays.com\/ee\/wp-json\/wp\/v2\/posts\/254476\/revisions"}],"wp:featuredmedia":[{"embeddable":true,"href":"https:\/\/www.europesays.com\/ee\/wp-json\/wp\/v2\/media\/254477"}],"wp:attachment":[{"href":"https:\/\/www.europesays.com\/ee\/wp-json\/wp\/v2\/media?parent=254476"}],"wp:term":[{"taxonomy":"category","embeddable":true,"href":"https:\/\/www.europesays.com\/ee\/wp-json\/wp\/v2\/categories?post=254476"},{"taxonomy":"post_tag","embeddable":true,"href":"https:\/\/www.europesays.com\/ee\/wp-json\/wp\/v2\/tags?post=254476"}],"curies":[{"name":"wp","href":"https:\/\/api.w.org\/{rel}","templated":true}]}}