{"id":254496,"date":"2026-08-17T20:35:13","date_gmt":"2026-08-17T20:35:13","guid":{"rendered":"https:\/\/www.europesays.com\/ee\/254496\/"},"modified":"2026-08-17T20:35:13","modified_gmt":"2026-08-17T20:35:13","slug":"tallinn-keelas-teist-korda-vene-rappari-esinemise","status":"publish","type":"post","link":"https:\/\/www.europesays.com\/ee\/254496\/","title":{"rendered":"Tallinn keelas teist korda Vene r\u00e4ppari esinemise"},"content":{"rendered":"<p>Tallinna linnavalitsus keeldus taas andmast esinemisluba kohalikule muusikule Artemi Ivanovile, vaatamata sellele, et ta muutis p\u00e4rast eelmist keeldu oma programmi ja lubas poliitilised avaldused v\u00e4lja j\u00e4tta, kirjutab BNS viitega Postimehele.<\/p>\n<p data-path-to-node=\"1\">Seekord p\u00f5hjendab linn oma keeldumist muu hulgas Ivanovi j\u00e4tkuvate esinemistega Venemaal ja L\u00e4ti julgeolekuteenistuse hinnanguga.<\/p>\n<p data-path-to-node=\"2\">Tallinna linnakantselei ei rahuldanud Ivanovi taotlusi \u201cDrum Show\u201d korraldamiseks 21. augustil Telliskivi t\u00e4naval, 28. augustil V\u00e4ike-\u00d5ism\u00e4el ja 29. augustil Pirital J\u00f5esuu teel.<\/p>\n<p data-path-to-node=\"3\">Ivanov muutis oma programmi: 60 protsenti repertuaarist pidid moodustama ingliskeelsed hitid ning eesti ja vene muusika \u2013 kumbki 20 protsenti.<\/p>\n<p data-path-to-node=\"4\">Samuti lubas ta hoiduda poliitilistest avaldustest, \u017eestidest ja s\u00fcmbolitest ning oli valmis esitama programmi linnale enne kontserdi algust.<\/p>\n<p data-path-to-node=\"5\">Tallinna abilinnapea Monika Haukanemm (Keskerakond) r\u00f5hutas kommentaaris Postimehele, et otsus ei ole seotud vene keele, vene muusika ega Ivanovi rahvusega. \u201cK\u00fcsimus on t\u00e4iesti konkreetselt selle esineja avalikus kuvandis ja julgeolekuorganite hinnangutes,\u201d m\u00e4rkis ta.<\/p>\n<p data-path-to-node=\"6\">Juuli alguses p\u00f5hjendasid linnav\u00f5imud Ivanovi kontsertide keeldu vo\u0303rdlemisi tema repertuaariga. \u00dchel tema varasematest esinemistest k\u00f5las Vene r\u00e4ppari Matvei Melnikovi (MOT) lugu \u201cP\u00e4ev ja \u00f6\u00f6\u201d (\u201c\u0414\u0435\u043d\u044c \u0438 \u043d\u043e\u0447\u044c\u201d), milles on muu hulgas s\u00f5nad \u201cvenelased tulevad, nii et k\u00f5ik \u2013 varjendisse\u201d ja mainitakse Vene trikoloori. V\u00f5imud pidasid seda lugu praeguses julgeolekuolukorras avalikus ruumis esitamiseks sobimatuks.<\/p>\n<p data-path-to-node=\"7\">Selle aja jooksul uurised v\u00f5imud p\u00f5hjalikumalt ka Ivanovi enda biograafiat. Ta tunnistas vestluses linna esindajatega, et j\u00e4tkas Venemaal esinemist ka p\u00e4rast Venemaa t\u00e4ieulatusliku sissetungi algust Ukrainasse, kuid v\u00e4itis, et tegemist oli eranditult loominguliste ja kultuuriliste \u00fcritustega.<\/p>\n<p data-path-to-node=\"8\">Avaldikes allikates on aga mainitud tema esinemisi Gelend\u017eikis aastatel 2023, 2024 ja 2025. Lisaks tuvastasid linnav\u00f5imud Ivanovi seose 2024. aasta jaanuaris Peterburis toimunud MMA-turniiriga \u201cLeningradi kaitse\u201d, mis oli p\u00fchendatud Leningradi blokaadi t\u00e4ieliku likvideerimise 80. aastap\u00e4evale.<\/p>\n<p data-path-to-node=\"9\">Seejuures r\u00f5hutavad linnav\u00f5imud 12-lehek\u00fcljelises keeldumisotsuses, et Ivanovi konkreetse esinemise sisu sel turniiril ei tuvastatud s\u00f5ltumatutest allikatest ja \u00fcritusel osalemine ise ei t\u00e4henda automaatselt, et ta jagab selle poliitilist s\u00f5numit.<\/p>\n<p data-path-to-node=\"10\">Otsuse langetamisel v\u00f5eti arvesse ka L\u00e4ti riJulgeolekuteenistuse (VDD) hinnangut. 2023. aastal soovitas VDD kanda Ivanovi v\u00e4lismaalaste nimekirja, kellel on L\u00e4tti sisenemine keelatud.<\/p>\n<p data-path-to-node=\"11\">Selle aja L\u00e4ti avalik-\u00f5igusliku meedia v\u00e4ljaannete kohaselt seostas VDD Ivanovi tegevust Venemaa Ukrainasse sissetungi toetamisega ja tegevusega Vene m\u00f5ju edendamiseks. Pole selge, kas see sisenemiskeeld kehtib senini.<\/p>\n<p data-path-to-node=\"12\">Ivanov kinnitas linnav\u00f5imudele, et ta ei ole avalikult toetanud Venemaa agressiooni, ning teatas, et m\u00f5istab hukka s\u00f5ja ja mis tahes relvakonfliktid. Linnakantselei juhtis aga t\u00e4helepanu sellele, et vastates otsesele k\u00fcsimusele Venemaa agressiooni kohta, ei m\u00f5istnud Ivanov Venemaa tegevust selges\u00f5naliselt hukka. Samas ei leitud \u00fchtegi Ivanovi avalikku s\u00f5nav\u00f5ttu Venemaa agressiooni toetuseks.<\/p>\n<p data-path-to-node=\"13\">Haukanemme s\u00f5nul ei m\u00f5jutanud Ivanovi valmisolek repertuaari muuta otsust. \u201cKonkreetne risk on endiselt olemas, tal on oma avalik taust ja kuvand. Tallinn ei ole keeleinspektsioon ega tsensor, kes hakkaks kontrollima \u00fche v\u00f5i teise laulu sisu,\u201d \u00fctles ta.<\/p>\n<p data-path-to-node=\"14\">Ka Pirita, P\u00f5hja-Tallinna ja Haabersti linnaosavalitsused ei koosk\u00f5lastanud uute kontsertide l\u00e4biviimist. Haukanemm r\u00f5hutas, et tegemist ei ole \u00fcldise esinemiskeeluga Ivanovile \u2014 keeldumine puudutab kolme konkreetset augustisse planeeritud kontserti.<\/p>\n","protected":false},"excerpt":{"rendered":"Tallinna linnavalitsus keeldus taas andmast esinemisluba kohalikule muusikule Artemi Ivanovile, vaatamata sellele, et ta muutis p\u00e4rast eelmist keeldu&hellip;\n","protected":false},"author":2,"featured_media":254497,"comment_status":"","ping_status":"","sticky":false,"template":"","format":"standard","meta":{"footnotes":"","_share_on_mastodon":"0"},"categories":[12],"tags":[99683,26,27,37,33,35,34,36,31,32,21,28,29,99684,19,25,854,23,24,262,22,20,7269,30],"class_list":["post-254496","post","type-post","status-publish","format-standard","has-post-thumbnail","category-eesti","tag-artemi-ivanov","tag-breaking-news","tag-breakingnews","tag-ee","tag-eesti","tag-eesti-keel","tag-estonia","tag-estonian","tag-featured-news","tag-featurednews","tag-headlines","tag-latest-news","tag-latestnews","tag-monika-haukanemm","tag-news","tag-populaarseimad-lood","tag-tallinna-linnavalitsus","tag-top-stories","tag-topstories","tag-ukraina","tag-uldised-uudised","tag-uudised","tag-vene","tag-viimased-uudised"],"share_on_mastodon":{"url":"https:\/\/pubeurope.com\/@ee\/117112768054273036","error":""},"_links":{"self":[{"href":"https:\/\/www.europesays.com\/ee\/wp-json\/wp\/v2\/posts\/254496","targetHints":{"allow":["GET"]}}],"collection":[{"href":"https:\/\/www.europesays.com\/ee\/wp-json\/wp\/v2\/posts"}],"about":[{"href":"https:\/\/www.europesays.com\/ee\/wp-json\/wp\/v2\/types\/post"}],"author":[{"embeddable":true,"href":"https:\/\/www.europesays.com\/ee\/wp-json\/wp\/v2\/users\/2"}],"replies":[{"embeddable":true,"href":"https:\/\/www.europesays.com\/ee\/wp-json\/wp\/v2\/comments?post=254496"}],"version-history":[{"count":0,"href":"https:\/\/www.europesays.com\/ee\/wp-json\/wp\/v2\/posts\/254496\/revisions"}],"wp:featuredmedia":[{"embeddable":true,"href":"https:\/\/www.europesays.com\/ee\/wp-json\/wp\/v2\/media\/254497"}],"wp:attachment":[{"href":"https:\/\/www.europesays.com\/ee\/wp-json\/wp\/v2\/media?parent=254496"}],"wp:term":[{"taxonomy":"category","embeddable":true,"href":"https:\/\/www.europesays.com\/ee\/wp-json\/wp\/v2\/categories?post=254496"},{"taxonomy":"post_tag","embeddable":true,"href":"https:\/\/www.europesays.com\/ee\/wp-json\/wp\/v2\/tags?post=254496"}],"curies":[{"name":"wp","href":"https:\/\/api.w.org\/{rel}","templated":true}]}}