{"id":254618,"date":"2026-08-18T03:56:10","date_gmt":"2026-08-18T03:56:10","guid":{"rendered":"https:\/\/www.europesays.com\/ee\/254618\/"},"modified":"2026-08-18T03:56:10","modified_gmt":"2026-08-18T03:56:10","slug":"suured-ai-ettevotted-kaaluvad-oma-andmekeskuste-viimist-ookeanidesse","status":"publish","type":"post","link":"https:\/\/www.europesays.com\/ee\/254618\/","title":{"rendered":"Suured AI-ettev\u00f5tted kaaluvad oma andmekeskuste viimist ookeanidesse"},"content":{"rendered":"<p><img decoding=\"async\" src=\"https:\/\/www.europesays.com\/ee\/wp-content\/uploads\/2026\/08\/ed6cea29-b88c-4926-8846-91df640ce8f6.jpg\" loading=\"lazy\" alt=\"Microsoft asus uurima veealuste andmekeskuste potentsiaali juba \u00fcle 10 aasta tagasi. \"\/><\/p>\n<p>Microsoft asus uurima veealuste andmekeskuste potentsiaali juba \u00fcle 10 aasta tagasi. <\/p>\n<p>FOTO: Audrey Richardson| REUTERS<\/p>\n<p><a rel=\"noopener nofollow\" target=\"_blank\" href=\"https:\/\/www.delfi.ee\/teema\/96849792\/tehisintellekt-1\" tag-id=\"96849792\">Tehisarubuum<\/a> tekitab enneolematu n\u00f5udluse andmekeskuste j\u00e4rele, suurendades muret nende hiiglasliku energiatarbimise, mageveekasutuse ja s\u00fcsinikujalaj\u00e4lje p\u00e4rast. Need v\u00e4ljakutsed sunnivad ettev\u00f5tteid otsima lahendusi v\u00e4ljaspool traditsioonilisi maismaarajatisi, kirjutab v\u00e4ljaandes The Conversation P\u00f5hja-Carolina \u00fclikooli juhtimise professor Nir Kshetri.<\/p>\n","protected":false},"excerpt":{"rendered":"Microsoft asus uurima veealuste andmekeskuste potentsiaali juba \u00fcle 10 aasta tagasi. FOTO: Audrey Richardson| REUTERS Tehisarubuum tekitab enneolematu&hellip;\n","protected":false},"author":2,"featured_media":254619,"comment_status":"","ping_status":"","sticky":false,"template":"","format":"standard","meta":{"footnotes":"","_share_on_mastodon":"0"},"categories":[14],"tags":[18219,131,130,37,33,35,22138,34,36,10157,2357,373],"class_list":["post-254618","post","type-post","status-publish","format-standard","has-post-thumbnail","category-ari","tag-andmekeskused","tag-ari","tag-business","tag-ee","tag-eesti","tag-eesti-keel","tag-energiatohusus","tag-estonia","tag-estonian","tag-keskkonnamoju","tag-microsoft","tag-tehisintellekt"],"share_on_mastodon":{"url":"https:\/\/pubeurope.com\/@ee\/117114502499712474","error":""},"_links":{"self":[{"href":"https:\/\/www.europesays.com\/ee\/wp-json\/wp\/v2\/posts\/254618","targetHints":{"allow":["GET"]}}],"collection":[{"href":"https:\/\/www.europesays.com\/ee\/wp-json\/wp\/v2\/posts"}],"about":[{"href":"https:\/\/www.europesays.com\/ee\/wp-json\/wp\/v2\/types\/post"}],"author":[{"embeddable":true,"href":"https:\/\/www.europesays.com\/ee\/wp-json\/wp\/v2\/users\/2"}],"replies":[{"embeddable":true,"href":"https:\/\/www.europesays.com\/ee\/wp-json\/wp\/v2\/comments?post=254618"}],"version-history":[{"count":0,"href":"https:\/\/www.europesays.com\/ee\/wp-json\/wp\/v2\/posts\/254618\/revisions"}],"wp:featuredmedia":[{"embeddable":true,"href":"https:\/\/www.europesays.com\/ee\/wp-json\/wp\/v2\/media\/254619"}],"wp:attachment":[{"href":"https:\/\/www.europesays.com\/ee\/wp-json\/wp\/v2\/media?parent=254618"}],"wp:term":[{"taxonomy":"category","embeddable":true,"href":"https:\/\/www.europesays.com\/ee\/wp-json\/wp\/v2\/categories?post=254618"},{"taxonomy":"post_tag","embeddable":true,"href":"https:\/\/www.europesays.com\/ee\/wp-json\/wp\/v2\/tags?post=254618"}],"curies":[{"name":"wp","href":"https:\/\/api.w.org\/{rel}","templated":true}]}}