{"id":254634,"date":"2026-08-18T04:40:13","date_gmt":"2026-08-18T04:40:13","guid":{"rendered":"https:\/\/www.europesays.com\/ee\/254634\/"},"modified":"2026-08-18T04:40:13","modified_gmt":"2026-08-18T04:40:13","slug":"tundmatu-objekt-tungis-moldova-ohuruumi-ja-plahvatas","status":"publish","type":"post","link":"https:\/\/www.europesays.com\/ee\/254634\/","title":{"rendered":"Tundmatu objekt tungis Moldova \u00f5huruumi ja plahvatas"},"content":{"rendered":"<p>Moldova rahvusarmee s\u00fcsteemid tuvastasid 17. augustil riigi \u00f5huruumist objekti, mis liikus Cuciurgani ja Tiraspoli suunas.<\/p>\n<p>Seej\u00e4rel kadus objekt valves\u00fcsteemidest \u0218tefan Vod\u0103 rajooni Talmaza asula piirkonnas, kus kostis plahvatus, <a rel=\"noopener follow nofollow\" target=\"_blank\" href=\"https:\/\/tv8.md\/2026\/08\/17\/video-alerta-la-stefan-voda-explozie-si-incendiu-dupa-prabusirea-unui-aparat-de-zbor-primele-imagini\/307539\" data-rel-date-range=\"[]\">teatati kohalikus meedias<\/a>.<\/p>\n<p>Kaitseministeeriumi teatel tuvastati objekt kell 17.37. V\u00f5imud k\u00e4skisid kohe sulgeda \u00f5huruum piirkonnas, mis kestis umbes 15 minutit.<\/p>\n<p>Politsei teatel s\u00fc\u00fctas plahvatus taimestiku. Ala piirati \u00fcmber ning spetsialiseeritud \u00fcksused alustasid tulekahju kustutamist ja juhtunu asjaolude uurimist.<\/p>\n<p>Politsei l\u00f5hkeainete ja tehnilise teenistuse spetsialistid uurivad s\u00fcndmuskohalt leitud rususid, et t\u00e4pselt kindlaks teha, mis t\u00fc\u00fcpi seadeldisega tegemist on.<\/p>\n<p>Hiljem teatas politsei, et uurimise tulemusel tuvastati kraater, mille l\u00e4bim\u00f5\u00f5t oli umbes 2 meetrit ja s\u00fcgavus ligikaudu 50 sentimeetrit. Plahvatuse l\u00f6\u00f6klaine levis umbes 45 \u00d7 20 meetri suurusele alale.<\/p>\n<p>Alalt leiti tiibade fragmente, sealhulgas roolimehhanismi osi, ning mootori osi. Samuti tuvastati mitmeid \u00f5hus\u00f5iduki kere fragmente ning purunenud elektroonikamooduleid, mis v\u00f5ivad olla juhtimiss\u00fcsteemi osad.<\/p>\n<p>Ukraina Telegrami kanalid, mis j\u00e4lgivad \u00f5hur\u00fcnnakuid Ukraina territooriumi kohal, v\u00e4idavad, et Vene tiibrakett Banderol lendas samal ajal \u00fcle Moldova Vabariigi territooriumi, m\u00f6\u00f6dudes Ukraina piirist umbes 35 kilomeetri kauguselt.<\/p>\n<p>10. augusti \u00f5htul rikkus Moldova \u00f5huruumi samuti Vene droon \u2013 t\u00f5en\u00e4oliselt Shahed.<\/p>\n<p>9. augustil plahvatas Moldovas Vene droon, mille j\u00e4rel kutsus Moldova oma suursaadiku Venemaa F\u00f6deratsioonist konsultatsioonidele tagasi.<\/p>\n<p>Moldova president Maia Sandu usub, et m\u00f5ned droonid sisenevad riigi \u00f5huruumi kogemata, teised aga tahtlikult.<\/p>\n<p>Kuidas see lugu Sind end tundma pani?Saada<a href=\"https:\/\/www.delfi.ee\/artikkel\/120604400\/tundmatu-objekt-tungis-moldova-ohuruumi-ja-plahvatas\/kommentaarid\" class=\"button button--primary button--size-auto article-body-bottom__comment article-body-bottom__comment--write\" style=\"\" rel=\"nofollow noopener\" target=\"_blank\">Kommenteeri<\/a><a href=\"https:\/\/www.delfi.ee\/artikkel\/120604400\/tundmatu-objekt-tungis-moldova-ohuruumi-ja-plahvatas\/kommentaarid\" class=\"button button--size-auto article-body-bottom__comment article-body-bottom__comment--read\" style=\"\" rel=\"nofollow noopener\" target=\"_blank\">Loe kommentaare (1)<\/a><\/p>\n","protected":false},"excerpt":{"rendered":"Moldova rahvusarmee s\u00fcsteemid tuvastasid 17. augustil riigi \u00f5huruumist objekti, mis liikus Cuciurgani ja Tiraspoli suunas. Seej\u00e4rel kadus objekt&hellip;\n","protected":false},"author":2,"featured_media":254635,"comment_status":"","ping_status":"","sticky":false,"template":"","format":"standard","meta":{"footnotes":"","_share_on_mastodon":"0"},"categories":[14],"tags":[131,130,37,33,35,34,36,1949,107],"class_list":["post-254634","post","type-post","status-publish","format-standard","has-post-thumbnail","category-ari","tag-ari","tag-business","tag-ee","tag-eesti","tag-eesti-keel","tag-estonia","tag-estonian","tag-moldova","tag-soda-ukrainas"],"share_on_mastodon":{"url":"https:\/\/pubeurope.com\/@ee\/117114675486953464","error":""},"_links":{"self":[{"href":"https:\/\/www.europesays.com\/ee\/wp-json\/wp\/v2\/posts\/254634","targetHints":{"allow":["GET"]}}],"collection":[{"href":"https:\/\/www.europesays.com\/ee\/wp-json\/wp\/v2\/posts"}],"about":[{"href":"https:\/\/www.europesays.com\/ee\/wp-json\/wp\/v2\/types\/post"}],"author":[{"embeddable":true,"href":"https:\/\/www.europesays.com\/ee\/wp-json\/wp\/v2\/users\/2"}],"replies":[{"embeddable":true,"href":"https:\/\/www.europesays.com\/ee\/wp-json\/wp\/v2\/comments?post=254634"}],"version-history":[{"count":0,"href":"https:\/\/www.europesays.com\/ee\/wp-json\/wp\/v2\/posts\/254634\/revisions"}],"wp:featuredmedia":[{"embeddable":true,"href":"https:\/\/www.europesays.com\/ee\/wp-json\/wp\/v2\/media\/254635"}],"wp:attachment":[{"href":"https:\/\/www.europesays.com\/ee\/wp-json\/wp\/v2\/media?parent=254634"}],"wp:term":[{"taxonomy":"category","embeddable":true,"href":"https:\/\/www.europesays.com\/ee\/wp-json\/wp\/v2\/categories?post=254634"},{"taxonomy":"post_tag","embeddable":true,"href":"https:\/\/www.europesays.com\/ee\/wp-json\/wp\/v2\/tags?post=254634"}],"curies":[{"name":"wp","href":"https:\/\/api.w.org\/{rel}","templated":true}]}}