{"id":254648,"date":"2026-08-18T05:14:10","date_gmt":"2026-08-18T05:14:10","guid":{"rendered":"https:\/\/www.europesays.com\/ee\/254648\/"},"modified":"2026-08-18T05:14:10","modified_gmt":"2026-08-18T05:14:10","slug":"laanemaa-eksport-kukkus-laane-elu","status":"publish","type":"post","link":"https:\/\/www.europesays.com\/ee\/254648\/","title":{"rendered":"L\u00e4\u00e4nemaa eksport kukkus &#8211; L\u00e4\u00e4ne Elu"},"content":{"rendered":"<p>            <a href=\"https:\/\/www.europesays.com\/ee\/wp-content\/uploads\/2026\/08\/helland-baltic_malleliisaraigla-5.jpg\" data-caption=\"\"><img loading=\"lazy\" width=\"696\" height=\"465\" class=\"entry-thumb td-modal-image lazyload\" alt=\"\" title=\"helland baltic_malleliisaraigla (5)\" src=\"https:\/\/www.europesays.com\/ee\/wp-content\/uploads\/2026\/08\/helland-baltic_malleliisaraigla-5-696x465.jpg\" decoding=\"async\"  data- data-eio-rwidth=\"696\" data-eio-rheight=\"465\"\/><\/a><\/p>\n<p><img loading=\"lazy\" class=\"wp-image-482984 size-full lazyload\" alt=\"\" width=\"1920\" height=\"1282\" src=\"https:\/\/www.europesays.com\/ee\/wp-content\/uploads\/2026\/08\/helland-baltic_malleliisaraigla-5.jpg\" decoding=\"async\" data-eio-rwidth=\"1920\" data-eio-rheight=\"1282\"\/>Foto: Malle-Liisa Raigla<\/p>\n<p>\t\tStatistikaameti andmeil kasvas juunis Eestis eksport 15 protsenti, kuid L\u00e4\u00e4nemaal v\u00e4henes see hoopis kaheksa protsenti.<\/p>\n<p>\u201eL\u00e4\u00e4nemaa ei eristu eriliselt teistest maakondadest. Lisaks L\u00e4\u00e4nemaale v\u00e4henes eksport ka Hiiumaal, Saaremaal ja J\u00e4rvamaal,\u201d \u00fctles statistikaameti meediasuhete partner Annaliisa K\u00f6ss.<\/p>\n<p>Tema s\u00f5nul oli L\u00e4\u00e4nemaal ekspordi suurim langus kokkupandavate puitehitiste, puidust tisleri- ja puusepatoodete ning traktorite osade ja tarvikute valdkonnas.<\/p>\n<p>Artikkel j\u00e4tkub peale reklaami<img loading=\"lazy\" decoding=\"async\" class=\"aligncenter size-full wp-image-387649\" src=\"https:\/\/www.europesays.com\/ee\/wp-content\/uploads\/2026\/08\/1787030050_546_tasuline.png\" alt=\"\" width=\"688\" height=\"101\" data-eio=\"l\"\/><\/a><\/p>\n<p>Reklaam<\/p>\n","protected":false},"excerpt":{"rendered":"Foto: Malle-Liisa Raigla Statistikaameti andmeil kasvas juunis Eestis eksport 15 protsenti, kuid L\u00e4\u00e4nemaal v\u00e4henes see hoopis kaheksa protsenti.&hellip;\n","protected":false},"author":2,"featured_media":254649,"comment_status":"","ping_status":"","sticky":false,"template":"","format":"standard","meta":{"footnotes":"","_share_on_mastodon":"0"},"categories":[14],"tags":[131,130,37,33,35,1850,34,36,12957],"class_list":["post-254648","post","type-post","status-publish","format-standard","has-post-thumbnail","category-ari","tag-ari","tag-business","tag-ee","tag-eesti","tag-eesti-keel","tag-eksport","tag-estonia","tag-estonian","tag-laanemaa"],"share_on_mastodon":{"url":"https:\/\/pubeurope.com\/@ee\/117114809145378996","error":""},"_links":{"self":[{"href":"https:\/\/www.europesays.com\/ee\/wp-json\/wp\/v2\/posts\/254648","targetHints":{"allow":["GET"]}}],"collection":[{"href":"https:\/\/www.europesays.com\/ee\/wp-json\/wp\/v2\/posts"}],"about":[{"href":"https:\/\/www.europesays.com\/ee\/wp-json\/wp\/v2\/types\/post"}],"author":[{"embeddable":true,"href":"https:\/\/www.europesays.com\/ee\/wp-json\/wp\/v2\/users\/2"}],"replies":[{"embeddable":true,"href":"https:\/\/www.europesays.com\/ee\/wp-json\/wp\/v2\/comments?post=254648"}],"version-history":[{"count":0,"href":"https:\/\/www.europesays.com\/ee\/wp-json\/wp\/v2\/posts\/254648\/revisions"}],"wp:featuredmedia":[{"embeddable":true,"href":"https:\/\/www.europesays.com\/ee\/wp-json\/wp\/v2\/media\/254649"}],"wp:attachment":[{"href":"https:\/\/www.europesays.com\/ee\/wp-json\/wp\/v2\/media?parent=254648"}],"wp:term":[{"taxonomy":"category","embeddable":true,"href":"https:\/\/www.europesays.com\/ee\/wp-json\/wp\/v2\/categories?post=254648"},{"taxonomy":"post_tag","embeddable":true,"href":"https:\/\/www.europesays.com\/ee\/wp-json\/wp\/v2\/tags?post=254648"}],"curies":[{"name":"wp","href":"https:\/\/api.w.org\/{rel}","templated":true}]}}