{"id":254684,"date":"2026-08-18T05:57:19","date_gmt":"2026-08-18T05:57:19","guid":{"rendered":"https:\/\/www.europesays.com\/ee\/254684\/"},"modified":"2026-08-18T05:57:19","modified_gmt":"2026-08-18T05:57:19","slug":"asja-emil-juhendama-pidanud-treener-on-teadmata-kadunud","status":"publish","type":"post","link":"https:\/\/www.europesays.com\/ee\/254684\/","title":{"rendered":"\u00c4sja EMil juhendama pidanud treener on teadmata kadunud"},"content":{"rendered":"<p>41-aastane Baptiste lendas kaks kuud tagasi l\u00e4hedaste s\u00f5pradega Marokosse poissmeeste\u00f5htu v\u00f5i golfireisi raames, vahendab The Guardian.<\/p>\n<p>P\u00e4rast Marokosse lendamist pole aga Suurbritannia kergej\u00f5ustikuliit, kes maksab talle treenerit\u00f6\u00f6 eest palka, temaga \u00fchendust saanud. Samuti pole Baptiste vastanud s\u00f5numitele.<\/p>\n<p>Suurbritannia alaliit keeldus juhtunut kommenteerimast, viidates konfidentsiaalsusele. The Guardian v\u00f5ttis \u00fchendust Baptiste&#8217;i endise koondisekaaslasega, kes on juhtunu p\u00e4rast mures. \u00abTa oli v\u00e4ga rahulik ja m\u00f5istlik mees. Keegi ei tea, mis juhtus. See on v\u00e4ga murettekitav.\u00bb<\/p>\n<p>Baptiste pidanuks \u00e4sja l\u00f5ppenud EMil juhendama Charlie Dobsonit. Pariisi ol\u00fcmpial Suurbritannia nelikuga 4 x 400 m teatejooksus pronksi v\u00f5itnud mees piirdus seekord 400 meetris poolfinaaliga, joostes isiklikust rekordist (44,14) enam kui sekund aeglasema aja 45,18.<\/p>\n<p>\u00abViimased kaheksa n\u00e4dalat on olnud huvitavad,\u00bb \u00fctles Dobson, kui talt k\u00fcsiti Baptiste&#8217;i olukorra kohta. Ta lisas, et oli EMi eel kimpus ka vigastusega, mis segas tema tegemisi.<\/p>\n<p>\u00d5nneks ei pidanud Dobson EMil hakkama saama \u00fcksi. Nii talle kui ka teistele Baptiste&#8217;i treeninggrupi liikmeid juhendab praegu kunagine 400 m jooksu Euroopa meister Martyn Rooney.<\/p>\n","protected":false},"excerpt":{"rendered":"41-aastane Baptiste lendas kaks kuud tagasi l\u00e4hedaste s\u00f5pradega Marokosse poissmeeste\u00f5htu v\u00f5i golfireisi raames, vahendab The Guardian. P\u00e4rast Marokosse&hellip;\n","protected":false},"author":2,"featured_media":254685,"comment_status":"","ping_status":"","sticky":false,"template":"","format":"standard","meta":{"footnotes":"","_share_on_mastodon":"0"},"categories":[18],"tags":[99718,37,33,35,34,36,1918,99719,159,158,2734],"class_list":["post-254684","post","type-post","status-publish","format-standard","has-post-thumbnail","category-sport","tag-charlie-dobson","tag-ee","tag-eesti","tag-eesti-keel","tag-estonia","tag-estonian","tag-kadunud","tag-leon-baptiste","tag-sport","tag-sports","tag-teadmata-kadunud"],"share_on_mastodon":{"url":"https:\/\/pubeurope.com\/@ee\/117114977898899463","error":""},"_links":{"self":[{"href":"https:\/\/www.europesays.com\/ee\/wp-json\/wp\/v2\/posts\/254684","targetHints":{"allow":["GET"]}}],"collection":[{"href":"https:\/\/www.europesays.com\/ee\/wp-json\/wp\/v2\/posts"}],"about":[{"href":"https:\/\/www.europesays.com\/ee\/wp-json\/wp\/v2\/types\/post"}],"author":[{"embeddable":true,"href":"https:\/\/www.europesays.com\/ee\/wp-json\/wp\/v2\/users\/2"}],"replies":[{"embeddable":true,"href":"https:\/\/www.europesays.com\/ee\/wp-json\/wp\/v2\/comments?post=254684"}],"version-history":[{"count":0,"href":"https:\/\/www.europesays.com\/ee\/wp-json\/wp\/v2\/posts\/254684\/revisions"}],"wp:featuredmedia":[{"embeddable":true,"href":"https:\/\/www.europesays.com\/ee\/wp-json\/wp\/v2\/media\/254685"}],"wp:attachment":[{"href":"https:\/\/www.europesays.com\/ee\/wp-json\/wp\/v2\/media?parent=254684"}],"wp:term":[{"taxonomy":"category","embeddable":true,"href":"https:\/\/www.europesays.com\/ee\/wp-json\/wp\/v2\/categories?post=254684"},{"taxonomy":"post_tag","embeddable":true,"href":"https:\/\/www.europesays.com\/ee\/wp-json\/wp\/v2\/tags?post=254684"}],"curies":[{"name":"wp","href":"https:\/\/api.w.org\/{rel}","templated":true}]}}