{"id":254734,"date":"2026-08-18T07:14:10","date_gmt":"2026-08-18T07:14:10","guid":{"rendered":"https:\/\/www.europesays.com\/ee\/254734\/"},"modified":"2026-08-18T07:14:10","modified_gmt":"2026-08-18T07:14:10","slug":"rappar-beebiloust-korjas-ehhfil-taarat-aeg-on-raha","status":"publish","type":"post","link":"https:\/\/www.europesays.com\/ee\/254734\/","title":{"rendered":"R\u00e4ppar Beebil\u00f5ust korjas EHHFil taarat. \u201eAeg on raha\u201c"},"content":{"rendered":"<p>\u201eSamal ajal kui teised r\u00e4pparid passisid bossi ukse taga ja ootasid oma live-raha, otsustasime mitte k\u00e4ed r\u00fcpes istuda. Sest aeg on raha,\u201c kirjutas Beebil\u00f5ust Facebookis ning lisas, et korjas koos kaaslastega festivalialalt taarat ning teenis enda s\u00f5nul korraliku kopika.<\/p>\n<p>Kuna panditopside tagastuspunkt oli selleks ajaks juba suletud, v\u00f5ttis r\u00e4ppar topsid endaga kaasa. \u201eJ\u00e4rgmine aasta pidavat see 2eurone tops inflatsiooni t\u00f5ttu maksma juba seitse eurot. Kuna olen v\u00e4ikestviisi investor, siis p\u00e4rast m\u00f5ne arvutuse tegemist tajusin kohe jackpotti. Tulen oma topsidega aastal 2027 profitit realiseerima,\u201c \u00fctles ta.<\/p>\n<p>Esines era\u00fcritusel purjusp\u00e4i<\/p>\n<p><a rel=\"noopener follow nofollow\" target=\"_blank\" href=\"https:\/\/kroonika.delfi.ee\/artikkel\/120599840\/mina-pole-kedagi-ahvardanud-seda-saab-kinnitada-ka-mu-morsja-beebiloust-esines-erauritusel-purjuspai\" data-rel-date-range=\"[]\">Kroonika<\/a> kirjutas juulikuu l\u00f5pus, et BMW E46 autoklubiga suvep\u00e4evi korraldanud Brigita Kahre pettus artist Beebil\u00f5ustas, kelle ta enda \u00fcritusele esinema kutsus.<\/p>\n<p>\u201e\u00dcritus oli muidu v\u00e4ga tore, kui v\u00e4lja j\u00e4tta ebameeldiv kogemus artistiga,\u201c kurtis Kahre Kroonikale. \u201eBeebil\u00f5ust, p\u00e4risnimega Andrus Elbing, k\u00fcsis esinemise eest kokku 850\u20ac. Ta tuli kohale hilinedes ning l\u00e4ks end v\u00e4lja magama, kuna oli umbjoobes. Esinemise ajal unustas s\u00f5nu, lasi k\u00fclastajatel laulda, viskas mikrofoni jne,\u201c kirjeldas \u00fcrituse korraldaja ootamatut olukorda.<\/p>\n<p>Kahre s\u00f5nul maksis ta pool lubatud summast artistile samal \u00f5htul \u00e4ra, kuna too \u00e4hvardas teda, kuid esinemine ei olnud tasutud raha v\u00e4\u00e4rt. Seet\u00f5ttu p\u00f6\u00f6rdus Kahre lausa politseisse ja tarbijakaitsesse, uurimaks, kas on v\u00f5imalik oma tasutud raha tagasi saada.<\/p>\n<p>Beebil\u00f5ust s\u00f5nas aga Kroonikale, et tema pole kedagi \u00e4hvardanud. \u201eMina pole kedagi \u00e4hvardanud, seda saab kinnitada ka mu m\u00f5rsja,\u201c lausus Beebil\u00f5ust, viidates suure t\u00f5en\u00e4osusega r\u00e4ppar Liskale, kellega teda viimasel ajal seostatud on.<\/p>\n<p>\u201eK\u00f5ikidel artistidel on s\u00f5nu meelest l\u00e4inud esinemistel, \u00fcldjoontes f\u00e4nnidel on suva. Nemad tahavad sind katsuda ja grupikalli teha,\u201c nentis r\u00e4ppar.<\/p>\n<p>Lisaks edastas r\u00e4ppar Kroonikale s\u00f5numivahetuse korraldajaga, kust saab lugeda v\u00e4lja, et Kahre ei taganud talle k\u00f5iki vajaminevaid tingimusi. N\u00e4iteks ei olnud talle lubatud privaatset \u00f6\u00f6bimist saunamajas. Kohapeale j\u00f5udes selgus, et Beebil\u00f5ust pidanuks \u00f6\u00f6bima hoopis l\u00e4rmakas majas keset pidu. Seet\u00f5ttu otsustas ta v\u00f5tta omale viimasel hetkel hotellitoa. Samuti kirjeldas ta s\u00f5numis Kahrele, kuidas k\u00fclalised tahtsid temaga viina v\u00f5tta, mist\u00f5ttu ta purju j\u00e4i.<\/p>\n<p>S\u00f5numivahetusest n\u00e4htub ka, et korraldajaga said tegelikult arved juba privaatselt klaaritud. \u201eSa saidki poole hinnaga, sest ma tegin sulle poole hinnaga,\u201c kirjutas Beebil\u00f5ust korraldajale muu hulgas, millele too m\u00f5istvalt vastas.<\/p>\n<p>Kuidas see lugu Sind end tundma pani?Saada<a href=\"https:\/\/kroonika.delfi.ee\/artikkel\/120604421\/rappar-beebiloust-korjas-ehhfil-taarat-aeg-on-raha\/kommentaarid\" class=\"button button--primary button--size-auto article-body-bottom__comment article-body-bottom__comment--write\" style=\"\" rel=\"nofollow noopener\" target=\"_blank\">Kommenteeri<\/a><a href=\"https:\/\/kroonika.delfi.ee\/artikkel\/120604421\/rappar-beebiloust-korjas-ehhfil-taarat-aeg-on-raha\/kommentaarid\" class=\"button button--size-auto article-body-bottom__comment article-body-bottom__comment--read\" style=\"\" rel=\"nofollow noopener\" target=\"_blank\">Loe kommentaare (4)<\/a><\/p>\n","protected":false},"excerpt":{"rendered":"\u201eSamal ajal kui teised r\u00e4pparid passisid bossi ukse taga ja ootasid oma live-raha, otsustasime mitte k\u00e4ed r\u00fcpes istuda.&hellip;\n","protected":false},"author":2,"featured_media":254735,"comment_status":"","ping_status":"","sticky":false,"template":"","format":"standard","meta":{"footnotes":"","_share_on_mastodon":"0"},"categories":[16],"tags":[4593,773,37,33,35,173,34,36,140],"class_list":["post-254734","post","type-post","status-publish","format-standard","has-post-thumbnail","category-meelelahutus","tag-andrus-elbing","tag-beebiloust","tag-ee","tag-eesti","tag-eesti-keel","tag-entertainment","tag-estonia","tag-estonian","tag-meelelahutus"],"share_on_mastodon":{"url":"https:\/\/pubeurope.com\/@ee\/117115280684327984","error":""},"_links":{"self":[{"href":"https:\/\/www.europesays.com\/ee\/wp-json\/wp\/v2\/posts\/254734","targetHints":{"allow":["GET"]}}],"collection":[{"href":"https:\/\/www.europesays.com\/ee\/wp-json\/wp\/v2\/posts"}],"about":[{"href":"https:\/\/www.europesays.com\/ee\/wp-json\/wp\/v2\/types\/post"}],"author":[{"embeddable":true,"href":"https:\/\/www.europesays.com\/ee\/wp-json\/wp\/v2\/users\/2"}],"replies":[{"embeddable":true,"href":"https:\/\/www.europesays.com\/ee\/wp-json\/wp\/v2\/comments?post=254734"}],"version-history":[{"count":0,"href":"https:\/\/www.europesays.com\/ee\/wp-json\/wp\/v2\/posts\/254734\/revisions"}],"wp:featuredmedia":[{"embeddable":true,"href":"https:\/\/www.europesays.com\/ee\/wp-json\/wp\/v2\/media\/254735"}],"wp:attachment":[{"href":"https:\/\/www.europesays.com\/ee\/wp-json\/wp\/v2\/media?parent=254734"}],"wp:term":[{"taxonomy":"category","embeddable":true,"href":"https:\/\/www.europesays.com\/ee\/wp-json\/wp\/v2\/categories?post=254734"},{"taxonomy":"post_tag","embeddable":true,"href":"https:\/\/www.europesays.com\/ee\/wp-json\/wp\/v2\/tags?post=254734"}],"curies":[{"name":"wp","href":"https:\/\/api.w.org\/{rel}","templated":true}]}}