{"id":254754,"date":"2026-08-18T07:40:14","date_gmt":"2026-08-18T07:40:14","guid":{"rendered":"https:\/\/www.europesays.com\/ee\/254754\/"},"modified":"2026-08-18T07:40:14","modified_gmt":"2026-08-18T07:40:14","slug":"ppa-palub-osal-relvaomanikel-euroopa-tulirelvapassi-valja-vahetada","status":"publish","type":"post","link":"https:\/\/www.europesays.com\/ee\/254754\/","title":{"rendered":"PPA palub osal relvaomanikel Euroopa tulirelvapassi v\u00e4lja vahetada"},"content":{"rendered":"<p>            <a href=\"https:\/\/www.europesays.com\/ee\/wp-content\/uploads\/2026\/08\/C89A7258.webp\" data-caption=\"Jahirelv. Foto: Raul Valgiste\"><img loading=\"lazy\" decoding=\"async\" width=\"2048\" height=\"1365\" class=\"entry-thumb td-modal-image\" src=\"https:\/\/www.europesays.com\/ee\/wp-content\/uploads\/2026\/08\/C89A7258.webp\"   alt=\"\" title=\"jahirelv\"\/><\/a>Jahirelv. Foto: Raul Valgiste<\/p>\n<p>Politsei- ja Piirivalveamet (PPA) on tuvastanud, et nad on ligi 600 relvaomanikule v\u00e4ljastanud Euroopa tulirelvapassid, mille hologramm ei vasta n\u00f5uetele. K\u00f5iki, keda see puudutab, on e-kirja teel sellest otse teavitanud ning selgitatud, kuidas saada uus ja korrektne dokument.<\/p>\n<p>Kuigi seni ei ole PPA-l infot, et n\u00f5uetele mittevastava hologrammiga tulirelvapassidega oleks piiril kellelgi probleeme tekkinud, soovitame siiski tungivalt k\u00f5igil, kel plaanis relvaga v\u00e4lismaale minna, oma dokumendi v\u00e4lja vahetada.<\/p>\n<p>Mis on Euroopa tulirelvapass?<\/p>\n<p>Euroopa tulirelvapass on dokument, mis annab \u00f5iguse jahinduse v\u00f5i laskespordiga tegelemise eesm\u00e4rgil reisida tulirelvaga \u00fchest Euroopa Liidu riigist teise. T\u00e4psemalt saab selle kohta lugeda <a href=\"https:\/\/www.politsei.ee\/et\/juhend\/relvaluba-fueuesilisele-isikule\/euroopa-tulirelvapass\" target=\"_blank\" rel=\"noopener nofollow\">siit<\/a>.<\/p>\n<p>Ma ei ole politseilt kirja saanud, aga kas ma saan kuidagi ise kontrollida, et kas mu tulirelvapass vastab n\u00f5uetele?<\/p>\n<p>Jah, saab k\u00fcll \u2013 vigaste hologrammidega on tulirelvapassid numbrivahemikus 006131-007330. Kui sinu tulirelvapassi number ei ole selles vahemikus, siis on sellega k\u00f5ik korras.<\/p>\n<p>Minu tulirelvapass ei vasta n\u00f5uetele. Mis ma tegema pean?<\/p>\n<p>Euroopa tulirelvapass on vajalik tulirelvaga v\u00e4lisriiki minnes ning n\u00f5uetele mittevastav hologramm v\u00f5ib tulirelvaga reisides p\u00f5hjustada lisak\u00fcsimusi v\u00f5i viivitusi piiril v\u00f5i kontrolli k\u00e4igus. Seet\u00f5ttu soovitame sul taotleda uus tulirelvapass.<\/p>\n<p>Kui sa relvaga v\u00e4lisriiki reisida ei plaani, ei pea sa midagi tegema \u2013 Euroopa tulirelvapass ei m\u00f5juta kuidagi sinu relvaloa kehtivust ega relva seaduslikku valdamist.<\/p>\n<p>Kuidas uut Euroopa tulirelvapassi taotleda?<\/p>\n<p>Esita taotlus mugavalt iseteeninduses aadressil <a href=\"https:\/\/relvataotlus.politsei.ee\" target=\"_blank\" rel=\"noopener nofollow\">https:\/\/relvataotlus.politsei.ee<\/a> v\u00f5i PPA teeninduses kohapeal. PPA teeninduses taotluse esitamiseks tuleb eelnevalt broneerida aeg \u2013 saad seda teha <a href=\"https:\/\/broneering.politsei.ee\/\" target=\"_blank\" rel=\"noopener nofollow\">siin<\/a>.<\/p>\n<p>Euroopa tulirelvapassi v\u00e4ljastamine on tasuta.<\/p>\n<p>Kuidas uue Euroopa tulirelvapassi k\u00e4tte saab?<\/p>\n<p>Uue tulirelvapassi saab eelnevalt broneeritud ajal k\u00e4tte PPA teenindusest.<\/p>\n<p>Juhul kui sul on dokumendi vahetamisega kiire ning sul ei \u00f5nnestu leida teeninduses sobivat aega, siis v\u00f5ta \u00fchendust oma kodukohaj\u00e4rgse prefektuuri lubadegrupiga, et nendega \u00fchiselt olukorrale lahendus leida. Nende kontaktid leiad <a href=\"https:\/\/www.politsei.ee\/et\/kontaktid-relvaloa-taotlemiseks\" target=\"_blank\" rel=\"noopener nofollow\">siit<\/a>.<\/p>\n<p>Kas pead vana tulirelvapassi tagastama?<\/p>\n<p>Ei pea. Vana Euroopa tulirelvapassi ei ole vaja Politsei- ja Piirivalveametile tagastada.<\/p>\n<p>\u00a0<\/p>\n<p>PPA vabandab tekkinud ebamugavuste p\u00e4rast.<\/p>\n","protected":false},"excerpt":{"rendered":"Jahirelv. Foto: Raul Valgiste Politsei- ja Piirivalveamet (PPA) on tuvastanud, et nad on ligi 600 relvaomanikule v\u00e4ljastanud Euroopa&hellip;\n","protected":false},"author":2,"featured_media":254755,"comment_status":"","ping_status":"","sticky":false,"template":"","format":"standard","meta":{"footnotes":"","_share_on_mastodon":"0"},"categories":[12],"tags":[26,27,37,33,35,34,36,31,32,21,3914,2832,28,29,19,353,2920,25,4262,32880,23,24,9576,99740,22,20,30],"class_list":["post-254754","post","type-post","status-publish","format-standard","has-post-thumbnail","category-eesti","tag-breaking-news","tag-breakingnews","tag-ee","tag-eesti","tag-eesti-keel","tag-estonia","tag-estonian","tag-featured-news","tag-featurednews","tag-headlines","tag-jahimees","tag-jahindus","tag-latest-news","tag-latestnews","tag-news","tag-politsei","tag-politsei-ja-piirivalveamet","tag-populaarseimad-lood","tag-ppa","tag-relvaluba","tag-top-stories","tag-topstories","tag-tulirelv","tag-tulirelvapass","tag-uldised-uudised","tag-uudised","tag-viimased-uudised"],"share_on_mastodon":{"url":"https:\/\/pubeurope.com\/@ee\/117115383117533831","error":""},"_links":{"self":[{"href":"https:\/\/www.europesays.com\/ee\/wp-json\/wp\/v2\/posts\/254754","targetHints":{"allow":["GET"]}}],"collection":[{"href":"https:\/\/www.europesays.com\/ee\/wp-json\/wp\/v2\/posts"}],"about":[{"href":"https:\/\/www.europesays.com\/ee\/wp-json\/wp\/v2\/types\/post"}],"author":[{"embeddable":true,"href":"https:\/\/www.europesays.com\/ee\/wp-json\/wp\/v2\/users\/2"}],"replies":[{"embeddable":true,"href":"https:\/\/www.europesays.com\/ee\/wp-json\/wp\/v2\/comments?post=254754"}],"version-history":[{"count":0,"href":"https:\/\/www.europesays.com\/ee\/wp-json\/wp\/v2\/posts\/254754\/revisions"}],"wp:featuredmedia":[{"embeddable":true,"href":"https:\/\/www.europesays.com\/ee\/wp-json\/wp\/v2\/media\/254755"}],"wp:attachment":[{"href":"https:\/\/www.europesays.com\/ee\/wp-json\/wp\/v2\/media?parent=254754"}],"wp:term":[{"taxonomy":"category","embeddable":true,"href":"https:\/\/www.europesays.com\/ee\/wp-json\/wp\/v2\/categories?post=254754"},{"taxonomy":"post_tag","embeddable":true,"href":"https:\/\/www.europesays.com\/ee\/wp-json\/wp\/v2\/tags?post=254754"}],"curies":[{"name":"wp","href":"https:\/\/api.w.org\/{rel}","templated":true}]}}