{"id":254778,"date":"2026-08-18T08:11:08","date_gmt":"2026-08-18T08:11:08","guid":{"rendered":"https:\/\/www.europesays.com\/ee\/254778\/"},"modified":"2026-08-18T08:11:08","modified_gmt":"2026-08-18T08:11:08","slug":"kaameraga-airpodsid-apple-lekitas-kogemata-uued-korvaklapid","status":"publish","type":"post","link":"https:\/\/www.europesays.com\/ee\/254778\/","title":{"rendered":"Kaameraga AirPodsid? Apple lekitas kogemata uued k\u00f5rvaklapid"},"content":{"rendered":"<p>See vihjab, et mehe k\u00f5rvas olevatel AirPodsidel on kaamera, mis s\u00f6\u00f6dab informatsiooni Visual Intelligence\u2019i AI-s\u00fcsteemile. Tehisassistent Siri peaks oskama info p\u00f5hjal k\u00fcsimustele vastata ja n\u00e4htavat hilisemaks salvestada. Video on ilmselt \u00f5petus, kuidas Apple\u2019i uute k\u00f5rvaklappide n\u00e4gemisv\u00f5imet kasutada.<\/p>\n<p>Kaameraga AirPodsid kannavad mudelinime B790, mis on k\u00e4inud l\u00e4bi ka varasematest k\u00f5lakatest. Lekkele annab kaalu veel asjaolu, et eksperdid on sellist leiutist ennustanud juba aastaid. Seega v\u00f5ivad uudsed AirPodsid j\u00f5uda avalikkuse ette juba sel septembril, kui Apple n\u00e4itab v\u00e4rskeid iPhone\u2019e.<\/p>\n<p>MacOS 26.7 Tahoe failidest v\u00f5ib leida viiteid ka k\u00fcmnetele teistele veel avalikustamata Apple\u2019i toodetele, nende seas nii nutikodu seadmed, telefonid, arvutid kui ka teised k\u00f5rvaklapid.<\/p>\n<p>Kuidas see lugu Sind end tundma pani?Saada<\/p>\n","protected":false},"excerpt":{"rendered":"See vihjab, et mehe k\u00f5rvas olevatel AirPodsidel on kaamera, mis s\u00f6\u00f6dab informatsiooni Visual Intelligence\u2019i AI-s\u00fcsteemile. Tehisassistent Siri peaks&hellip;\n","protected":false},"author":2,"featured_media":254779,"comment_status":"","ping_status":"","sticky":false,"template":"","format":"standard","meta":{"footnotes":"","_share_on_mastodon":"0"},"categories":[14],"tags":[99742,3312,131,130,37,33,35,34,36,19594],"class_list":["post-254778","post","type-post","status-publish","format-standard","has-post-thumbnail","category-ari","tag-airpods","tag-apple","tag-ari","tag-business","tag-ee","tag-eesti","tag-eesti-keel","tag-estonia","tag-estonian","tag-korvaklapid"],"share_on_mastodon":{"url":"https:\/\/pubeurope.com\/@ee\/117115504802441231","error":""},"_links":{"self":[{"href":"https:\/\/www.europesays.com\/ee\/wp-json\/wp\/v2\/posts\/254778","targetHints":{"allow":["GET"]}}],"collection":[{"href":"https:\/\/www.europesays.com\/ee\/wp-json\/wp\/v2\/posts"}],"about":[{"href":"https:\/\/www.europesays.com\/ee\/wp-json\/wp\/v2\/types\/post"}],"author":[{"embeddable":true,"href":"https:\/\/www.europesays.com\/ee\/wp-json\/wp\/v2\/users\/2"}],"replies":[{"embeddable":true,"href":"https:\/\/www.europesays.com\/ee\/wp-json\/wp\/v2\/comments?post=254778"}],"version-history":[{"count":0,"href":"https:\/\/www.europesays.com\/ee\/wp-json\/wp\/v2\/posts\/254778\/revisions"}],"wp:featuredmedia":[{"embeddable":true,"href":"https:\/\/www.europesays.com\/ee\/wp-json\/wp\/v2\/media\/254779"}],"wp:attachment":[{"href":"https:\/\/www.europesays.com\/ee\/wp-json\/wp\/v2\/media?parent=254778"}],"wp:term":[{"taxonomy":"category","embeddable":true,"href":"https:\/\/www.europesays.com\/ee\/wp-json\/wp\/v2\/categories?post=254778"},{"taxonomy":"post_tag","embeddable":true,"href":"https:\/\/www.europesays.com\/ee\/wp-json\/wp\/v2\/tags?post=254778"}],"curies":[{"name":"wp","href":"https:\/\/api.w.org\/{rel}","templated":true}]}}