{"id":254852,"date":"2026-08-18T09:41:16","date_gmt":"2026-08-18T09:41:16","guid":{"rendered":"https:\/\/www.europesays.com\/ee\/254852\/"},"modified":"2026-08-18T09:41:16","modified_gmt":"2026-08-18T09:41:16","slug":"huvasti-darla-tallinna-loomaaia-asukas-suri-22-aastaselt-2","status":"publish","type":"post","link":"https:\/\/www.europesays.com\/ee\/254852\/","title":{"rendered":"H\u00fcvasti, Darla! Tallinna loomaaia asukas suri 22-aastaselt"},"content":{"rendered":"<p class=\"isSelectedEnd\">Tallinna loomaaed teatas oma Facebooki lehel, et Darla suikus igavesele unele t\u00e4na hommikul.<\/p>\n<p class=\"isSelectedEnd\">Darla s\u00fcndis 17. aprillil 2004. aastal Berliini loomaaias ning saabus Tallinna loomaaeda 2005. aasta novembri l\u00f5pus. Aastatel 2008\u20132014 kasvatas ta siin \u00fcles koguni viis pesakonda ehk kokku 12 leopardikutsikat.<\/p>\n<p class=\"isSelectedEnd\">Juba esimese pesakonna kasvatamisel n\u00e4itas Darla, et tegemist on t\u00e4helepaneliku ja hoolitseva emaga.<\/p>\n<p>Darla j\u00e4rglased elavad loomaaedades \u00fcle maailma<\/p>\n<p class=\"isSelectedEnd\">Darla ja Tallinna loomaaias s\u00fcndinud isane amuuri leopard Freddi andsid olulise panuse v\u00e4ljasuremisohus oleva amuuri leopardi alamliigi tehistingimustes elava asurkonna suurendamisse. Loomaaia teatel elab maailma loomaaedades praegu rohkem kui 60 Darla ja Freddi poegade j\u00e4rglast.<\/p>\n<p class=\"isSelectedEnd\">Darla pikaajaline partner Freddi suri 2016. aastal 21-aastaselt.<\/p>\n<p class=\"isSelectedEnd\">Viimastel elukuudel kimbutas Darlat krooniline neerupuudulikkus ning eakas leopard oli k\u00f5vasti kaalu kaotanud. Ta liikus oma turvalises aedikus varasemast v\u00e4hem ning veetis meelsasti aega k\u00f5rgel lavatsil \u2013 kord varjus, kord p\u00e4ikese soojuses. Sealt j\u00e4lgis ta \u00fcmbrust ja tukkus.<\/p>\n<p class=\"isSelectedEnd\">K\u00f5rgele eale vaatamata s\u00e4ilis Darlas siiski kaslasele omane krapsakus. Loomaaia s\u00f5nul olid tema hambad veel vanas eas korralikud ning ta suutis koguni kaks varest j\u00e4rjest kinni p\u00fc\u00fcda ja nahka pista.<\/p>\n<p>22 aastat on suurele kaslasele k\u00f5rge iga<\/p>\n<p class=\"isSelectedEnd\">Amuuri leopardide puhul on enam kui 20 aasta vanuseks elamine juba v\u00e4ga k\u00f5rge iga. Darla j\u00f5udis 22. eluaastani ning tema pikaajaline partner Freddi 21. eluaastani.<\/p>\n<p class=\"isSelectedEnd\">Tallinna loomaaed avaldas kaastunnet k\u00f5igile, kes on viimase 20 aasta jooksul Darlat hooldanud, temaga kokku puutunud ja teda armastanud.<\/p>\n<p>\u00abPuhka rahus, armas Darla,\u00bb j\u00e4ttis loomaaed legendaarse leopardiemandaga h\u00fcvasti.<\/p>\n","protected":false},"excerpt":{"rendered":"Tallinna loomaaed teatas oma Facebooki lehel, et Darla suikus igavesele unele t\u00e4na hommikul. Darla s\u00fcndis 17. aprillil 2004.&hellip;\n","protected":false},"author":2,"featured_media":254853,"comment_status":"","ping_status":"","sticky":false,"template":"","format":"standard","meta":{"footnotes":"","_share_on_mastodon":"0"},"categories":[12],"tags":[26,27,37,33,35,34,36,31,32,21,2856,2853,2855,549,28,29,1978,1089,285,2854,2858,2835,19,25,23,24,2857,22,20,570,30],"class_list":["post-254852","post","type-post","status-publish","format-standard","has-post-thumbnail","category-eesti","tag-breaking-news","tag-breakingnews","tag-ee","tag-eesti","tag-eesti-keel","tag-estonia","tag-estonian","tag-featured-news","tag-featurednews","tag-headlines","tag-hooldamine","tag-kass","tag-koduloom","tag-koer","tag-latest-news","tag-latestnews","tag-lemmik","tag-lind","tag-loodus","tag-loom","tag-loomaaed","tag-metsloom","tag-news","tag-populaarseimad-lood","tag-top-stories","tag-topstories","tag-toug","tag-uldised-uudised","tag-uudised","tag-vaktsineerimine","tag-viimased-uudised"],"share_on_mastodon":{"url":"https:\/\/pubeurope.com\/@ee\/117115858619684262","error":""},"_links":{"self":[{"href":"https:\/\/www.europesays.com\/ee\/wp-json\/wp\/v2\/posts\/254852","targetHints":{"allow":["GET"]}}],"collection":[{"href":"https:\/\/www.europesays.com\/ee\/wp-json\/wp\/v2\/posts"}],"about":[{"href":"https:\/\/www.europesays.com\/ee\/wp-json\/wp\/v2\/types\/post"}],"author":[{"embeddable":true,"href":"https:\/\/www.europesays.com\/ee\/wp-json\/wp\/v2\/users\/2"}],"replies":[{"embeddable":true,"href":"https:\/\/www.europesays.com\/ee\/wp-json\/wp\/v2\/comments?post=254852"}],"version-history":[{"count":0,"href":"https:\/\/www.europesays.com\/ee\/wp-json\/wp\/v2\/posts\/254852\/revisions"}],"wp:featuredmedia":[{"embeddable":true,"href":"https:\/\/www.europesays.com\/ee\/wp-json\/wp\/v2\/media\/254853"}],"wp:attachment":[{"href":"https:\/\/www.europesays.com\/ee\/wp-json\/wp\/v2\/media?parent=254852"}],"wp:term":[{"taxonomy":"category","embeddable":true,"href":"https:\/\/www.europesays.com\/ee\/wp-json\/wp\/v2\/categories?post=254852"},{"taxonomy":"post_tag","embeddable":true,"href":"https:\/\/www.europesays.com\/ee\/wp-json\/wp\/v2\/tags?post=254852"}],"curies":[{"name":"wp","href":"https:\/\/api.w.org\/{rel}","templated":true}]}}