{"id":254906,"date":"2026-08-18T10:33:14","date_gmt":"2026-08-18T10:33:14","guid":{"rendered":"https:\/\/www.europesays.com\/ee\/254906\/"},"modified":"2026-08-18T10:33:14","modified_gmt":"2026-08-18T10:33:14","slug":"serbia-koondisega-medaleid-voitnud-euroliiga-meister-kalinic-lopetas-karjaari","status":"publish","type":"post","link":"https:\/\/www.europesays.com\/ee\/254906\/","title":{"rendered":"Serbia koondisega medaleid v\u00f5itnud Euroliiga meister Kalinic l\u00f5petas karj\u00e4\u00e4ri"},"content":{"rendered":"<p>\u201eL\u00f5petan oma m\u00e4ngijakarj\u00e4\u00e4ri. Minust saab j\u00e4rgmiseks kaheks aastaks Crvena Zvezda abitreener ja vahepeal viin l\u00f5pule oma treenerikoolituse. P\u00e4rast seda, mine tea&#8230; Ees ootavad uued v\u00e4ljakutsed,\u201c r\u00e4\u00e4kis Kalinic Serbia v\u00e4ljaandele Sport Klub.<\/p>\n<p>\u00dcle 15 aasta kestnud profikarj\u00e4\u00e4ri viimased kaks hooaega veetis Kalinic kodumaal Crvena Zvezdas, kuhu ta naasis 2024. aastal FC <a rel=\"noopener nofollow\" target=\"_blank\" href=\"https:\/\/www.delfi.ee\/teema\/22925779\/barcelona\" tag-id=\"22925779\">Barcelonast<\/a>. M\u00f6\u00f6dunud hooajal j\u00e4i tema arvele Euroliigas 38 m\u00e4nguga keskmiselt 6,0 punkti, 3,4 lauapalli ja 1,9 resultatiivset s\u00f6\u00f6tu.<\/p>\n<p>Kalinici klubikarj\u00e4\u00e4ri s\u00e4ravaim periood m\u00f6\u00f6dus <a rel=\"noopener nofollow\" target=\"_blank\" href=\"https:\/\/www.delfi.ee\/teema\/84050710\/istanbuli-fenerbahce\" tag-id=\"84050710\">Istanbuli Fenerbahces<\/a>, kus ta m\u00e4ngis aastatel 2015\u20132020 peatreener <a rel=\"noopener nofollow\" target=\"_blank\" href=\"https:\/\/www.delfi.ee\/teema\/82154011\/zeljko-obradovic\" tag-id=\"82154011\">\u017deljko Obradovici<\/a> k\u00e4e all. Ta aitas 2017. aastal v\u00f5ita klubi ajaloo esimese Euroliiga meistritiitli ning lisas oma auhinnakappi ka kolm T\u00fcrgi meistritiitlit ja karikav\u00f5itu.<\/p>\n<p>Lisaks pallis Kalinic Hispaanias Valencias ja Barcelonas. Viimase s\u00e4rgis tuli ta 2023. aastal ka Hispaania meistriks. Kokku jooksis ta Euroliigas v\u00e4ljakule peaaegu 400 kohtumises.<\/p>\n<p>M\u00e4rkimisv\u00e4\u00e4rne oli Kalinici panus ka Serbia rahvuskoondises. Ta aitas koduriigil v\u00f5ita h\u00f5bemedali nii 2014. aasta maailmameistriv\u00f5istlustel kui ka 2016. aasta Rio de Janeiro ol\u00fcmpiam\u00e4ngudel.<\/p>\n<p>Kuidas see lugu Sind end tundma pani?Saada<a href=\"https:\/\/sport.delfi.ee\/artikkel\/120604498\/serbia-koondisega-medaleid-voitnud-euroliiga-meister-kalinic-lopetas-karjaari\/kommentaarid\" class=\"button button--primary button--size-auto article-body-bottom__comment article-body-bottom__comment--write\" style=\"\" rel=\"nofollow noopener\" target=\"_blank\">Kommenteeri<\/a><a href=\"https:\/\/sport.delfi.ee\/artikkel\/120604498\/serbia-koondisega-medaleid-voitnud-euroliiga-meister-kalinic-lopetas-karjaari\/kommentaarid\" class=\"button button--size-auto article-body-bottom__comment article-body-bottom__comment--read\" style=\"\" rel=\"nofollow noopener\" target=\"_blank\">Loe kommentaare <\/a><\/p>\n","protected":false},"excerpt":{"rendered":"\u201eL\u00f5petan oma m\u00e4ngijakarj\u00e4\u00e4ri. Minust saab j\u00e4rgmiseks kaheks aastaks Crvena Zvezda abitreener ja vahepeal viin l\u00f5pule oma treenerikoolituse. P\u00e4rast&hellip;\n","protected":false},"author":2,"featured_media":254907,"comment_status":"","ping_status":"","sticky":false,"template":"","format":"standard","meta":{"footnotes":"","_share_on_mastodon":"0"},"categories":[18],"tags":[1741,9484,37,33,35,34,36,5263,7696,159,158,4893],"class_list":["post-254906","post","type-post","status-publish","format-standard","has-post-thumbnail","category-sport","tag-barcelona","tag-belgradi-crvena-zvezda","tag-ee","tag-eesti","tag-eesti-keel","tag-estonia","tag-estonian","tag-euroliiga","tag-istanbuli-fenerbahce","tag-sport","tag-sports","tag-zeljko-obradovic"],"share_on_mastodon":{"url":"https:\/\/pubeurope.com\/@ee\/117116063582323774","error":""},"_links":{"self":[{"href":"https:\/\/www.europesays.com\/ee\/wp-json\/wp\/v2\/posts\/254906","targetHints":{"allow":["GET"]}}],"collection":[{"href":"https:\/\/www.europesays.com\/ee\/wp-json\/wp\/v2\/posts"}],"about":[{"href":"https:\/\/www.europesays.com\/ee\/wp-json\/wp\/v2\/types\/post"}],"author":[{"embeddable":true,"href":"https:\/\/www.europesays.com\/ee\/wp-json\/wp\/v2\/users\/2"}],"replies":[{"embeddable":true,"href":"https:\/\/www.europesays.com\/ee\/wp-json\/wp\/v2\/comments?post=254906"}],"version-history":[{"count":0,"href":"https:\/\/www.europesays.com\/ee\/wp-json\/wp\/v2\/posts\/254906\/revisions"}],"wp:featuredmedia":[{"embeddable":true,"href":"https:\/\/www.europesays.com\/ee\/wp-json\/wp\/v2\/media\/254907"}],"wp:attachment":[{"href":"https:\/\/www.europesays.com\/ee\/wp-json\/wp\/v2\/media?parent=254906"}],"wp:term":[{"taxonomy":"category","embeddable":true,"href":"https:\/\/www.europesays.com\/ee\/wp-json\/wp\/v2\/categories?post=254906"},{"taxonomy":"post_tag","embeddable":true,"href":"https:\/\/www.europesays.com\/ee\/wp-json\/wp\/v2\/tags?post=254906"}],"curies":[{"name":"wp","href":"https:\/\/api.w.org\/{rel}","templated":true}]}}