{"id":254912,"date":"2026-08-18T10:36:16","date_gmt":"2026-08-18T10:36:16","guid":{"rendered":"https:\/\/www.europesays.com\/ee\/254912\/"},"modified":"2026-08-18T10:36:16","modified_gmt":"2026-08-18T10:36:16","slug":"fotod-poliitik-ja-striimer-kris-karner-soudis-abieluranda-sumboolsel-kuupaeval-tunneme-et-oleme-leidnud-enda-korvale-selle-oige","status":"publish","type":"post","link":"https:\/\/www.europesays.com\/ee\/254912\/","title":{"rendered":"FOTOD | Poliitik ja striimer Kris K\u00e4rner s\u00f5udis abieluranda s\u00fcmboolsel kuup\u00e4eval. \u201eTunneme, et oleme leidnud enda k\u00f5rvale selle \u00f5ige\u201c"},"content":{"rendered":"<p>Paar laulatati 8. augusti p\u00e4rastl\u00f5unal Tartus Pauluse kirikus l\u00e4hedaste seltsis, laulatuse viis l\u00e4bi piiskop Joel Luhamets. P\u00e4rast seda suunduti JOKA K\u00f6\u00f6gistuudiosse, kus Joel Ostrat valmistas vastabiellunud paarile ja nende k\u00fclalistele neljak\u00e4igulise \u00f5htus\u00f6\u00f6gi. \u201e\u00d5htu m\u00f6\u00f6dus s\u00fc\u00fces, juues, juttu ajades ja tantsides,\u201c r\u00e4\u00e4gib poliitik ja striimer Kris K\u00e4rner Kroonikale. <\/p>\n<p>Kuidas elu teid kahte kokku viis? Millal esimest korda kohtusite?<\/p>\n","protected":false},"excerpt":{"rendered":"Paar laulatati 8. augusti p\u00e4rastl\u00f5unal Tartus Pauluse kirikus l\u00e4hedaste seltsis, laulatuse viis l\u00e4bi piiskop Joel Luhamets. P\u00e4rast seda&hellip;\n","protected":false},"author":2,"featured_media":254913,"comment_status":"","ping_status":"","sticky":false,"template":"","format":"standard","meta":{"footnotes":"","_share_on_mastodon":"0"},"categories":[12],"tags":[26,27,37,33,35,34,36,31,32,21,12521,28,29,19,25,5303,23,24,22,20,30],"class_list":["post-254912","post","type-post","status-publish","format-standard","has-post-thumbnail","category-eesti","tag-breaking-news","tag-breakingnews","tag-ee","tag-eesti","tag-eesti-keel","tag-estonia","tag-estonian","tag-featured-news","tag-featurednews","tag-headlines","tag-kris-karner","tag-latest-news","tag-latestnews","tag-news","tag-populaarseimad-lood","tag-pulmad","tag-top-stories","tag-topstories","tag-uldised-uudised","tag-uudised","tag-viimased-uudised"],"share_on_mastodon":{"url":"https:\/\/pubeurope.com\/@ee\/117116075148635972","error":""},"_links":{"self":[{"href":"https:\/\/www.europesays.com\/ee\/wp-json\/wp\/v2\/posts\/254912","targetHints":{"allow":["GET"]}}],"collection":[{"href":"https:\/\/www.europesays.com\/ee\/wp-json\/wp\/v2\/posts"}],"about":[{"href":"https:\/\/www.europesays.com\/ee\/wp-json\/wp\/v2\/types\/post"}],"author":[{"embeddable":true,"href":"https:\/\/www.europesays.com\/ee\/wp-json\/wp\/v2\/users\/2"}],"replies":[{"embeddable":true,"href":"https:\/\/www.europesays.com\/ee\/wp-json\/wp\/v2\/comments?post=254912"}],"version-history":[{"count":0,"href":"https:\/\/www.europesays.com\/ee\/wp-json\/wp\/v2\/posts\/254912\/revisions"}],"wp:featuredmedia":[{"embeddable":true,"href":"https:\/\/www.europesays.com\/ee\/wp-json\/wp\/v2\/media\/254913"}],"wp:attachment":[{"href":"https:\/\/www.europesays.com\/ee\/wp-json\/wp\/v2\/media?parent=254912"}],"wp:term":[{"taxonomy":"category","embeddable":true,"href":"https:\/\/www.europesays.com\/ee\/wp-json\/wp\/v2\/categories?post=254912"},{"taxonomy":"post_tag","embeddable":true,"href":"https:\/\/www.europesays.com\/ee\/wp-json\/wp\/v2\/tags?post=254912"}],"curies":[{"name":"wp","href":"https:\/\/api.w.org\/{rel}","templated":true}]}}