{"id":254924,"date":"2026-08-18T10:47:22","date_gmt":"2026-08-18T10:47:22","guid":{"rendered":"https:\/\/www.europesays.com\/ee\/254924\/"},"modified":"2026-08-18T10:47:22","modified_gmt":"2026-08-18T10:47:22","slug":"veronika-valk-siska-%e2%9f%a9-parnu-uus-sild-sai-valmis-mis-edasi","status":"publish","type":"post","link":"https:\/\/www.europesays.com\/ee\/254924\/","title":{"rendered":"VERONIKA VALK-SISKA \u27e9 P\u00e4rnu uus sild sai valmis. Mis edasi?"},"content":{"rendered":"<p>Lapsep\u00f5lves armastasin hirmsasti P\u00e4rnut tema Rannahotelli ja \u00abseene\u00bb, parkide, pergolate, valge peenliivase hiigelranna, sillerdava merevee ja igavese suvega. Kuidagi l\u00e4ks nii, et vahepeal ununes see imeline linn mul aastak\u00fcmneteks, kuni taasavastasin ta viis\u2013kuus aastat tagasi koos oma n\u00fc\u00fcd juba \u00fcheksaste kaksikutega: kui lapses\u00f5bralik ja hea elukeskkond siin on! Sellest peale olen \u00fcdini P\u00e4rnu f\u00e4nn ja hoolin v\u00e4ga sellest, et head hoitaks ja elukeskkond l\u00e4heks siin j\u00e4rjest paremaks. Nii v\u00f5tsin r\u00f5\u00f5muga vastu kutse juhtida \u00fchel augusti pealel\u00f5unal Aia ja Laia t\u00e4nava nurgal linnaruumiteemalist arutelu \u00abP\u00e4rnu s\u00fcdalinna lugu: mis on tehtud, mis veel ees?\u00bb. Etteruttavalt olgu \u00f6eldud, et jutt ei j\u00e4tnud kohaletulnuid k\u00fclmaks, pakkudes nii m\u00f5negi selge s\u00f5numit tuleviku tarvis.<\/p>\n","protected":false},"excerpt":{"rendered":"Lapsep\u00f5lves armastasin hirmsasti P\u00e4rnut tema Rannahotelli ja \u00abseene\u00bb, parkide, pergolate, valge peenliivase hiigelranna, sillerdava merevee ja igavese suvega.&hellip;\n","protected":false},"author":2,"featured_media":254925,"comment_status":"","ping_status":"","sticky":false,"template":"","format":"standard","meta":{"footnotes":"","_share_on_mastodon":"0"},"categories":[12],"tags":[99779,26,27,37,33,35,34,36,31,32,21,99780,60407,28,29,99777,19,99778,1421,60401,99774,25,99775,13510,39643,99776,23,24,22,20,30],"class_list":["post-254924","post","type-post","status-publish","format-standard","has-post-thumbnail","category-eesti","tag-aida-tanava-valjak","tag-breaking-news","tag-breakingnews","tag-ee","tag-eesti","tag-eesti-keel","tag-estonia","tag-estonian","tag-featured-news","tag-featurednews","tag-headlines","tag-heveni-kaksiktornid","tag-jaansoni-rada","tag-latest-news","tag-latestnews","tag-mart-hiob","tag-news","tag-papiniidu","tag-parnu","tag-parnu-sudalinn","tag-parnu-uus-sild","tag-populaarseimad-lood","tag-rainer-aavik","tag-romek-kosenkranius","tag-ruutli-tanav","tag-silver-smeljanski","tag-top-stories","tag-topstories","tag-uldised-uudised","tag-uudised","tag-viimased-uudised"],"share_on_mastodon":{"url":"https:\/\/pubeurope.com\/@ee\/117116118248930237","error":""},"_links":{"self":[{"href":"https:\/\/www.europesays.com\/ee\/wp-json\/wp\/v2\/posts\/254924","targetHints":{"allow":["GET"]}}],"collection":[{"href":"https:\/\/www.europesays.com\/ee\/wp-json\/wp\/v2\/posts"}],"about":[{"href":"https:\/\/www.europesays.com\/ee\/wp-json\/wp\/v2\/types\/post"}],"author":[{"embeddable":true,"href":"https:\/\/www.europesays.com\/ee\/wp-json\/wp\/v2\/users\/2"}],"replies":[{"embeddable":true,"href":"https:\/\/www.europesays.com\/ee\/wp-json\/wp\/v2\/comments?post=254924"}],"version-history":[{"count":0,"href":"https:\/\/www.europesays.com\/ee\/wp-json\/wp\/v2\/posts\/254924\/revisions"}],"wp:featuredmedia":[{"embeddable":true,"href":"https:\/\/www.europesays.com\/ee\/wp-json\/wp\/v2\/media\/254925"}],"wp:attachment":[{"href":"https:\/\/www.europesays.com\/ee\/wp-json\/wp\/v2\/media?parent=254924"}],"wp:term":[{"taxonomy":"category","embeddable":true,"href":"https:\/\/www.europesays.com\/ee\/wp-json\/wp\/v2\/categories?post=254924"},{"taxonomy":"post_tag","embeddable":true,"href":"https:\/\/www.europesays.com\/ee\/wp-json\/wp\/v2\/tags?post=254924"}],"curies":[{"name":"wp","href":"https:\/\/api.w.org\/{rel}","templated":true}]}}