{"id":254982,"date":"2026-08-18T12:01:17","date_gmt":"2026-08-18T12:01:17","guid":{"rendered":"https:\/\/www.europesays.com\/ee\/254982\/"},"modified":"2026-08-18T12:01:17","modified_gmt":"2026-08-18T12:01:17","slug":"jefimova-konkurent-sai-leedult-em-kulla-eest-kopsaka-preemia-eestis-saanuks-kovasti-vahem","status":"publish","type":"post","link":"https:\/\/www.europesays.com\/ee\/254982\/","title":{"rendered":"Jefimova konkurent sai Leedult EM-kulla eest kopsaka preemia, Eestis saanuks k\u00f5vasti v\u00e4hem"},"content":{"rendered":"<p>50 meetri rinnuliujumise maailmarekordinaine Meilutyt\u0117 v\u00f5itis p\u00fchap\u00e4eval toimunud finaali ajaga 29,93. Sama aja ujus p\u00e4ev varem poolfinaalis Eneli Jefimova, kes finaalis j\u00e4i neljandaks.<\/p>\n<p>Leedu maksis Meilutyt\u0117le kuldmedali eest 22 750 eurot preemiat, mis on seal riigis ol\u00fcmpiaalade puhul EM- ja MM-kulla puhul standard, kirjutab 15min.lt.<\/p>\n<p>See summa on suurem kui Eestis. Vastavalt Eesti Ol\u00fcmpiakomitee t\u00e4itevkomitee korraldusele makstakse EM- ja MM-kulla eest preemiat 15 000 eurot. Sama summa sai Jefimova tunamullu, mil tuli 100 meetri rinnuliujumise Euroopa meistriks. Ja Katrina Lehis t\u00e4navu, kui v\u00f5itis epeevehklemises EM-kulla.<\/p>\n<p>Lisaks Meilutyt\u0117le premeeris Leedu veel kahte sportlast. Ujumise EMil 200 meetri liblikujumises h\u00f5beda saanud Tomas Navikonis ning kergej\u00f5ustiku EMil kettaheites sama v\u00e4rvi medali teeninud Mykolas Alekna p\u00e4lvisid 11 322 eurot.<\/p>\n<p>Leedus makstakse preemiat EMi ja MMi medali eest, ol\u00fcmpial saavad preemiat kaheksa parema seas l\u00f5petanud sportlased.<\/p>\n","protected":false},"excerpt":{"rendered":"50 meetri rinnuliujumise maailmarekordinaine Meilutyt\u0117 v\u00f5itis p\u00fchap\u00e4eval toimunud finaali ajaga 29,93. Sama aja ujus p\u00e4ev varem poolfinaalis Eneli&hellip;\n","protected":false},"author":2,"featured_media":254983,"comment_status":"","ping_status":"","sticky":false,"template":"","format":"standard","meta":{"footnotes":"","_share_on_mastodon":"0"},"categories":[18],"tags":[37,33,35,5144,34,36,738,10953,27868,159,158],"class_list":["post-254982","post","type-post","status-publish","format-standard","has-post-thumbnail","category-sport","tag-ee","tag-eesti","tag-eesti-keel","tag-eneli-jefimova","tag-estonia","tag-estonian","tag-mykolas-alekna","tag-preemia","tag-ruta-meilutyte","tag-sport","tag-sports"],"share_on_mastodon":{"url":"https:\/\/pubeurope.com\/@ee\/117116409157885138","error":""},"_links":{"self":[{"href":"https:\/\/www.europesays.com\/ee\/wp-json\/wp\/v2\/posts\/254982","targetHints":{"allow":["GET"]}}],"collection":[{"href":"https:\/\/www.europesays.com\/ee\/wp-json\/wp\/v2\/posts"}],"about":[{"href":"https:\/\/www.europesays.com\/ee\/wp-json\/wp\/v2\/types\/post"}],"author":[{"embeddable":true,"href":"https:\/\/www.europesays.com\/ee\/wp-json\/wp\/v2\/users\/2"}],"replies":[{"embeddable":true,"href":"https:\/\/www.europesays.com\/ee\/wp-json\/wp\/v2\/comments?post=254982"}],"version-history":[{"count":0,"href":"https:\/\/www.europesays.com\/ee\/wp-json\/wp\/v2\/posts\/254982\/revisions"}],"wp:featuredmedia":[{"embeddable":true,"href":"https:\/\/www.europesays.com\/ee\/wp-json\/wp\/v2\/media\/254983"}],"wp:attachment":[{"href":"https:\/\/www.europesays.com\/ee\/wp-json\/wp\/v2\/media?parent=254982"}],"wp:term":[{"taxonomy":"category","embeddable":true,"href":"https:\/\/www.europesays.com\/ee\/wp-json\/wp\/v2\/categories?post=254982"},{"taxonomy":"post_tag","embeddable":true,"href":"https:\/\/www.europesays.com\/ee\/wp-json\/wp\/v2\/tags?post=254982"}],"curies":[{"name":"wp","href":"https:\/\/api.w.org\/{rel}","templated":true}]}}