{"id":255000,"date":"2026-08-18T12:24:11","date_gmt":"2026-08-18T12:24:11","guid":{"rendered":"https:\/\/www.europesays.com\/ee\/255000\/"},"modified":"2026-08-18T12:24:11","modified_gmt":"2026-08-18T12:24:11","slug":"elektrilevi-arengukava-elluviimine-nouab-kahte-miljardit-eurot-millele-praegustes-vorgutasudes-katet-pole","status":"publish","type":"post","link":"https:\/\/www.europesays.com\/ee\/255000\/","title":{"rendered":"Elektrilevi arengukava\u00a0elluviimine n\u00f5uab kahte miljardit eurot, millele praegustes v\u00f5rgutasudes katet pole"},"content":{"rendered":"<p class=\"MsoNormal\">Elektrilevi ja Eleringi \u00fchine arengukava aastaks 2030 arvestab kasvava tarbimisega ning toob \u00fchiskonnale 54 miljonit eurot s\u00e4\u00e4stu ja 1200 megavatti uut liitumisv\u00f5imsust.<\/p>\n<p class=\"MsoNormal\">Elektrilevi arengukava v\u00f5tab eesm\u00e4rgiks saavutada Eesti energiamajanduse arengukavas seatud sihid. Selleks on Eesti jaotusv\u00f5rku j\u00e4rgneva k\u00fcmnendi jooksul vaja investeerida ligi 1,9 miljardit eurot. Investeeringud aitavad suurendada v\u00f5rgu l\u00e4bilaskev\u00f5imet ja kasvatada v\u00f5rgu ilmastikukindlust.<\/p>\n<p class=\"MsoNormal\">\u00abT\u00e4na on 28 protsenti meie v\u00f5rgust j\u00f5udnud oma projekteeritud eluea l\u00f5ppu ja see protsent kasvab aasta-aastalt. Meie eesm\u00e4rk on seada sellele pidur ning investeerida j\u00e4rgmisel 10 aastal v\u00f5rkudesse ligi 1,9 miljardit. Nii tagame varustuskindluse, tootjate ja tarbijate m\u00f5istlike kuludega v\u00f5rku liitmise ning t\u00e4nap\u00e4evastele ootustele vastava kliendikogemuse,\u00bb \u00fctles Elektrilevi juhatuse esimees Mihkel H\u00e4rm.<\/p>\n<p class=\"MsoNormal\">Praegused v\u00f5rgutasud kogu vajalikku rahastust ei taga ja lisaks 1,9 miljardile eurole on v\u00f5rgu kriisikindluse tugevdamiseks vaja veel ligikaudu 350 miljonit eurot. Ka nende investeeringute rahastamiseks praegustes v\u00f5rgutasudes katet ei ole.<\/p>\n<p class=\"MsoNormal\">Investeeringud suunatakse kolme peamise eesm\u00e4rgi t\u00e4itmiseks \u2013 v\u00f5rgu l\u00e4bilaskev\u00f5ime kasvatamiseks, et v\u00f5imaldada uute tarbimis- ja tootmisv\u00f5imsuste liitumist, t\u00f6\u00f6kindluse parandamiseks, et v\u00e4hendada elektrikatkestusi, ning kriisikindluse tugevdamiseks, et v\u00f5rk peaks vastu tormidele, h\u00e4iretele ja keerulisemale julgeolekuolukorrale.<\/p>\n<p class=\"MsoNormal\">Eesk\u00e4tt on investeeringute kasvu taga on kiiresti muutuv elektritarbimine. Jaotusv\u00f5rgu tipun\u00f5udlus on viimastel aastatel p\u00fcsinud 1250 ja 1450 megavati vahel, prognoosi kohaselt kasvab aga j\u00e4rgmise k\u00fcmne aasta jooksul 20\u201330 protsenti, ulatudes 2036. aastaks umbes 1788 megavatini. Suurima m\u00f5ju annavad transpordi elektrifitseerimine, energiasalvestuslahenduste kasutuselev\u00f5tt, t\u00f6\u00f6stuse areng ja hoonete \u00fcleminek elektrik\u00fcttele.<\/p>\n","protected":false},"excerpt":{"rendered":"Elektrilevi ja Eleringi \u00fchine arengukava aastaks 2030 arvestab kasvava tarbimisega ning toob \u00fchiskonnale 54 miljonit eurot s\u00e4\u00e4stu ja&hellip;\n","protected":false},"author":2,"featured_media":255001,"comment_status":"","ping_status":"","sticky":false,"template":"","format":"standard","meta":{"footnotes":"","_share_on_mastodon":"0"},"categories":[14],"tags":[131,130,99804,37,33,99802,35,849,655,3660,34,36,99803,36658],"class_list":["post-255000","post","type-post","status-publish","format-standard","has-post-thumbnail","category-ari","tag-ari","tag-business","tag-cra","tag-ee","tag-eesti","tag-eesti-elektrivorgu-arengukava-aastani-2040","tag-eesti-keel","tag-elektrilevi","tag-elering","tag-enmak-2035","tag-estonia","tag-estonian","tag-nccs","tag-nis2"],"share_on_mastodon":{"url":"https:\/\/pubeurope.com\/@ee\/117116499578914545","error":""},"_links":{"self":[{"href":"https:\/\/www.europesays.com\/ee\/wp-json\/wp\/v2\/posts\/255000","targetHints":{"allow":["GET"]}}],"collection":[{"href":"https:\/\/www.europesays.com\/ee\/wp-json\/wp\/v2\/posts"}],"about":[{"href":"https:\/\/www.europesays.com\/ee\/wp-json\/wp\/v2\/types\/post"}],"author":[{"embeddable":true,"href":"https:\/\/www.europesays.com\/ee\/wp-json\/wp\/v2\/users\/2"}],"replies":[{"embeddable":true,"href":"https:\/\/www.europesays.com\/ee\/wp-json\/wp\/v2\/comments?post=255000"}],"version-history":[{"count":0,"href":"https:\/\/www.europesays.com\/ee\/wp-json\/wp\/v2\/posts\/255000\/revisions"}],"wp:featuredmedia":[{"embeddable":true,"href":"https:\/\/www.europesays.com\/ee\/wp-json\/wp\/v2\/media\/255001"}],"wp:attachment":[{"href":"https:\/\/www.europesays.com\/ee\/wp-json\/wp\/v2\/media?parent=255000"}],"wp:term":[{"taxonomy":"category","embeddable":true,"href":"https:\/\/www.europesays.com\/ee\/wp-json\/wp\/v2\/categories?post=255000"},{"taxonomy":"post_tag","embeddable":true,"href":"https:\/\/www.europesays.com\/ee\/wp-json\/wp\/v2\/tags?post=255000"}],"curies":[{"name":"wp","href":"https:\/\/api.w.org\/{rel}","templated":true}]}}