{"id":255026,"date":"2026-08-18T12:47:08","date_gmt":"2026-08-18T12:47:08","guid":{"rendered":"https:\/\/www.europesays.com\/ee\/255026\/"},"modified":"2026-08-18T12:47:08","modified_gmt":"2026-08-18T12:47:08","slug":"tsetseenia-juhi-seisund-on-jarsult-halvenenud-valismaa","status":"publish","type":"post","link":"https:\/\/www.europesays.com\/ee\/255026\/","title":{"rendered":"T\u0161et\u0161eenia juhi seisund on j\u00e4rsult halvenenud | V\u00e4lismaa"},"content":{"rendered":"<p>Venemaa T\u0161et\u0161eenia vabariigi juhi Ramzan Kad\u00f5rovi tervis on j\u00e4rsult halvenenud, millest annab tunnistust video, kust on n\u00e4ha, et ta ei suuda enam iseseisvalt liikuda.<\/p>\n<p>T\u0161et\u0161eenia meedia n\u00e4itas n\u00e4dalavahetusel Kad\u00f5rovit kontrollimas ettevalmistusi suure islamikeskuse avamiseks. Avaldatud videokaadritel k\u00f5nnib T\u0161et\u0161eenia juht oma n\u00f5uniku k\u00f5rval ja hoiab talt k\u00e4e alt kinni, <a href=\"https:\/\/www.dialog.ua\/russia\/sostoyanie-kadyrova-rezko-ukhudshilos-on-bolshe-ne-mozhet-khodit-samostoyatelno.html%20\" target=\"_blank\" rel=\"noopener nofollow\">kirjeldas v\u00e4ljaanne Dialog.ua<\/a>.<\/p>\n<blockquote class=\"twitter-tweet\" data-media-max-width=\"560\">\n<p lang=\"ru\" dir=\"ltr\">\u0421\u043e\u0441\u0442\u043e\u044f\u043d\u0438\u0435 \u041a\u0430\u0434\u044b\u0440\u043e\u0432\u0430 \u0443\u0445\u0443\u0434\u0448\u0438\u043b\u043e\u0441\u044c<\/p>\n<p>\u041d\u0430 \u043e\u043f\u0443\u0431\u043b\u0438\u043a\u043e\u0432\u0430\u043d\u043d\u044b\u0445 \u043a\u0430\u0434\u0440\u0430\u0445 \u0433\u043b\u0430\u0432\u0430 \u0427\u0435\u0447\u043d\u0438 \u0438\u0434\u0435\u0442 \u0440\u044f\u0434\u043e\u043c \u0441\u043e \u0441\u0432\u043e\u0438\u043c \u0441\u043e\u0432\u0435\u0442\u043d\u0438\u043a\u043e\u043c \u0438 \u0434\u0435\u0440\u0436\u0438\u0442\u0441\u044f \u0437\u0430 \u0435\u0433\u043e \u0440\u0443\u043a\u0443:<a href=\"https:\/\/t.co\/8hKdtoWXqw\" rel=\"nofollow\">https:\/\/t.co\/8hKdtoWXqw<\/a> <a href=\"https:\/\/t.co\/GYZLz8HjJD\" rel=\"nofollow\">pic.twitter.com\/GYZLz8HjJD<\/a><\/p>\n<p>\u2014 \u0421harter97.org (@charter_97) <a href=\"https:\/\/x.com\/charter_97\/status\/2089342752672686211?ref_src=twsrc%5Etfw\" rel=\"nofollow\">August 17, 2026<\/a><\/p><\/blockquote>\n<p>Sotsiaalmeedias juhitakse t\u00e4helepanu sellele, et T\u0161et\u0161eenia ametlikud kanalid pole juba pikka aega n\u00e4idanud Kad\u00f5rovit k\u00f5ndimas kauem kui m\u00f5ne sekundi. Videod on tavaliselt kokku l\u00f5igatud l\u00fchikesteks l\u00f5ikudeks ning Kad\u00f5rovit n\u00e4idatakse neis sageli kas istudes v\u00f5i teda \u00fcmbritsevate inimeste saatel, kes viibivad talle v\u00e4ga l\u00e4hedal.<\/p>\n<p>Uuel videol liigub Kad\u00f5rov aeglaselt ning tema k\u00f5rval k\u00f5nnib n\u00f5unik, kelle k\u00e4sivarrest ta kinni hoiab. Ametlikult k\u00e4sitleb videol\u00f5ik islamikeskuse avamise ettevalmistusi, kuid kasutajate t\u00e4helepanu k\u00f6itis ehituse asemel just T\u0161et\u0161eenia juhi v\u00e4limus ja k\u00f5nnak.<\/p>\n<p>S\u00f5ltumatud ajakirjanikud ja julgeolekuteenistuste allikad hindavad Ramzan Kad\u00f5rovi tervislikku seisundit kui &#8220;raskelt haiget&#8221; ja pidevalt halvenevat, hoolimata T\u0161et\u0161eenia v\u00f5imude ja Kad\u00f5rovi enda vastuv\u00e4idetest.<\/p>\n<p>Meedias avaldatud arvukate uurimuste kohaselt kannatab T\u0161et\u0161eenia juht progresseeruva ja ravimatu k\u00f5hun\u00e4\u00e4rmenekroosi (<a href=\"https:\/\/www.err.ee\/1609909405\/tsetseenias-valmistutakse-kadorovi-raske-haiguse-tottu-voimuvoitluseks\" target=\"_blank\" rel=\"noopener nofollow\">pankreatiidi) all<\/a>, mis on arenenud t\u00f5siste endokriins\u00fcsteemi probleemide taustal ja toonud kaasa raske neerufunktsiooni h\u00e4ire.<\/p>\n<p>Nende haiguste v\u00e4lised s\u00fcmptomid v\u00e4ljenduvad tema kehakaalu j\u00e4rskudes k\u00f5ikumistes, tugevas \u00f5hupuuduses, piinarikastes valuhoogudes, kateetri kasutamises kohtumiste ajal ning sagedases haiglaravis, milleks ta s\u00f5idab Moskva keskhaiglasse.<\/p>\n<p>Allikate s\u00f5nul eirab T\u0161et\u0161eenia poliitik regulaarselt arstide soovitusi ja p\u00fc\u00fcab end ise ravida, mist\u00f5ttu tabavad teda perioodiliselt kriitilised tervisekriisid. See olevat allikate andmetel <a href=\"https:\/\/www.err.ee\/1609927556\/kuulus-ajaloolane-satraabi-surm-voib-seada-putini-raskete-valikute-ette\" target=\"_blank\" rel=\"noopener nofollow\">sundinud Kremlit aktiivselt valmistuma stsenaariumiks<\/a>, mille puhul tuleb vabariigis, millega Moskva keskv\u00f5im on pidanud viimastel aastak\u00fcmnetel kaks verist s\u00f5da, v\u00f5im v\u00e4lja vahetada.<\/p>\n<p>Arutelu peatsest juhivahetusest v\u00f5imendab ka poliitiline kontekst. Sel aastal ei juhi Kad\u00f5rov esimest korda v\u00f5imupartei \u00dchtne Venemaa valimisnimekirja T\u0161et\u0161eenias riigiduuma valimistel ega s\u00f5itnud isegi Moskvas toimunud parteikongressile.<\/p>\n<p>Inimese puhul, kes on aastaid demonstratiivselt r\u00f5hutanud oma isiklikku lojaalsust Vene re\u017eiimi juhile Vladimir Putinile ja enda kohta Venemaa f\u00f6deraalses v\u00f5imus\u00fcsteemis, n\u00e4is see ebatavaline, kommenteeris Dialog.<\/p>\n<p><script async src=\"https:\/\/platform.twitter.com\/widgets.js\" charset=\"utf-8\"><\/script><\/p>\n","protected":false},"excerpt":{"rendered":"Venemaa T\u0161et\u0161eenia vabariigi juhi Ramzan Kad\u00f5rovi tervis on j\u00e4rsult halvenenud, millest annab tunnistust video, kust on n\u00e4ha, et&hellip;\n","protected":false},"author":2,"featured_media":255027,"comment_status":"","ping_status":"","sticky":false,"template":"","format":"standard","meta":{"footnotes":"","_share_on_mastodon":"0"},"categories":[80],"tags":[26,27,37,33,35,34,36,31,32,21,28,29,95,19,25,638,308,23,24,637,22,20,30,92,93,94],"class_list":["post-255026","post","type-post","status-publish","format-standard","has-post-thumbnail","category-maailm","tag-breaking-news","tag-breakingnews","tag-ee","tag-eesti","tag-eesti-keel","tag-estonia","tag-estonian","tag-featured-news","tag-featurednews","tag-headlines","tag-latest-news","tag-latestnews","tag-maailm","tag-news","tag-populaarseimad-lood","tag-ramzan-kadorov","tag-tervis","tag-top-stories","tag-topstories","tag-tsetseenia","tag-uldised-uudised","tag-uudised","tag-viimased-uudised","tag-world","tag-world-news","tag-worldnews"],"share_on_mastodon":{"url":"https:\/\/pubeurope.com\/@ee\/117116590089192375","error":""},"_links":{"self":[{"href":"https:\/\/www.europesays.com\/ee\/wp-json\/wp\/v2\/posts\/255026","targetHints":{"allow":["GET"]}}],"collection":[{"href":"https:\/\/www.europesays.com\/ee\/wp-json\/wp\/v2\/posts"}],"about":[{"href":"https:\/\/www.europesays.com\/ee\/wp-json\/wp\/v2\/types\/post"}],"author":[{"embeddable":true,"href":"https:\/\/www.europesays.com\/ee\/wp-json\/wp\/v2\/users\/2"}],"replies":[{"embeddable":true,"href":"https:\/\/www.europesays.com\/ee\/wp-json\/wp\/v2\/comments?post=255026"}],"version-history":[{"count":0,"href":"https:\/\/www.europesays.com\/ee\/wp-json\/wp\/v2\/posts\/255026\/revisions"}],"wp:featuredmedia":[{"embeddable":true,"href":"https:\/\/www.europesays.com\/ee\/wp-json\/wp\/v2\/media\/255027"}],"wp:attachment":[{"href":"https:\/\/www.europesays.com\/ee\/wp-json\/wp\/v2\/media?parent=255026"}],"wp:term":[{"taxonomy":"category","embeddable":true,"href":"https:\/\/www.europesays.com\/ee\/wp-json\/wp\/v2\/categories?post=255026"},{"taxonomy":"post_tag","embeddable":true,"href":"https:\/\/www.europesays.com\/ee\/wp-json\/wp\/v2\/tags?post=255026"}],"curies":[{"name":"wp","href":"https:\/\/api.w.org\/{rel}","templated":true}]}}