{"id":255112,"date":"2026-08-18T14:26:12","date_gmt":"2026-08-18T14:26:12","guid":{"rendered":"https:\/\/www.europesays.com\/ee\/255112\/"},"modified":"2026-08-18T14:26:12","modified_gmt":"2026-08-18T14:26:12","slug":"ukraina-julgeolekuteenistus-pidas-kinni-oletatava-vene-agendi-kes-registreeris-starlinki-terminale-vene-sojavae-tarbeks","status":"publish","type":"post","link":"https:\/\/www.europesays.com\/ee\/255112\/","title":{"rendered":"Ukraina Julgeolekuteenistus pidas kinni oletatava Vene agendi, kes registreeris Starlinki terminale Vene s\u00f5jav\u00e4e tarbeks"},"content":{"rendered":"<p>Kuna Starlinki saab Ukraina territooriumil alates veebruarist kasutada ainult kontrollitud terminalides, otsivad vene v\u00e4ed ukrainlasi, kes on n\u00f5us aitama neil piirangutest m\u00f6\u00f6da p\u00e4\u00e4seda. <\/p>\n<p>Kinni peetud kahtlusalune on t\u00f6\u00f6tu p\u00f5genik 2014. aastal okupeeritud Luhanski oblasti Hrustaln\u00f5i k\u00fclast. Uurijate s\u00f5nul v\u00e4rvati mees Instagrami kaudu peale seda kui ta asus elama Izjumi. Esimese terminali registreeris ta v\u00e4idetavalt enda nimele ning andis kontoandmed kontaktisikule Ida-Ukrainas. SBU s\u00f5nul sai kahtlusalune hiljem juhtn\u00f6\u00f6re registreerida veel rohkem terminale ning kaasas oma tegevusse teisigi inimesi.  <\/p>\n<p class=\"Paragraph SCXW114449563 BCX2\">SBU teatel sai kahtlusalune ka \u00fclesandeks v\u00e4lja selgitada Ukraina s\u00f5jav\u00e4e positsioonide asukohad ning need edastada Vene s\u00f5jav\u00e4ele. Kahtlustatav lootis, et peale \u00fclesannete t\u00e4itmist evakueerib Vene pool ta okupeeritud Luhanskisse.  <\/p>\n<p class=\"Paragraph SCXW114449563 BCX2\">Venemaa on korduvalt v\u00e4rbanud Ukraina kodanike, et saada infot, koordineerida r\u00fcnnakuid ning isegi \u00fcritanud kasutada atendaatide l\u00e4biviimisel. <\/p>\n<p class=\"Paragraph SCXW114449563 BCX2\">N\u00e4iteks 13. m\u00e4rtsil vahistas SBU mehe, keda kahtlustati 3. armeekorpuse \u00fclema ja Azovi pataljoni looja Andri Biletsk\u00f5i atendaadikatses. Kahtlusalune oli droonioperaator Ukraina relvaj\u00f5ududes ja v\u00e4idetavalt v\u00e4rvati l\u00e4bi eksnaise, kes elab okupeeritud Zapori\u017e\u017eja oblastis. <\/p>\n<p class=\"Paragraph SCXW114449563 BCX2\">Venemaa eriteenistused pakuvad v\u00e4rbamisel raha, kuid n\u00e4iteks okupeeritud aladel v\u00f5idakse inimesi koost\u00f6\u00f6le sundida hoopis \u00e4hvardustega. <\/p>\n<p>Kuidas see lugu Sind end tundma pani?Saada<a href=\"https:\/\/www.delfi.ee\/artikkel\/120604627\/ukraina-julgeolekuteenistus-pidas-kinni-oletatava-vene-agendi-kes-registreeris-starlinki-terminale-vene-sojavae-tarbeks\/kommentaarid\" class=\"button button--primary button--size-auto article-body-bottom__comment article-body-bottom__comment--write\" style=\"\" rel=\"nofollow noopener\" target=\"_blank\">Kommenteeri<\/a><a href=\"https:\/\/www.delfi.ee\/artikkel\/120604627\/ukraina-julgeolekuteenistus-pidas-kinni-oletatava-vene-agendi-kes-registreeris-starlinki-terminale-vene-sojavae-tarbeks\/kommentaarid\" class=\"button button--size-auto article-body-bottom__comment article-body-bottom__comment--read\" style=\"\" rel=\"nofollow noopener\" target=\"_blank\">Loe kommentaare <\/a><\/p>\n","protected":false},"excerpt":{"rendered":"Kuna Starlinki saab Ukraina territooriumil alates veebruarist kasutada ainult kontrollitud terminalides, otsivad vene v\u00e4ed ukrainlasi, kes on n\u00f5us&hellip;\n","protected":false},"author":2,"featured_media":255113,"comment_status":"","ping_status":"","sticky":false,"template":"","format":"standard","meta":{"footnotes":"","_share_on_mastodon":"0"},"categories":[80],"tags":[26,27,37,33,35,34,36,31,32,10735,21,28,29,95,19,25,7551,107,23,24,262,22,20,30,92,93,94],"class_list":["post-255112","post","type-post","status-publish","format-standard","has-post-thumbnail","category-maailm","tag-breaking-news","tag-breakingnews","tag-ee","tag-eesti","tag-eesti-keel","tag-estonia","tag-estonian","tag-featured-news","tag-featurednews","tag-harkivi-oblast","tag-headlines","tag-latest-news","tag-latestnews","tag-maailm","tag-news","tag-populaarseimad-lood","tag-sbu","tag-soda-ukrainas","tag-top-stories","tag-topstories","tag-ukraina","tag-uldised-uudised","tag-uudised","tag-viimased-uudised","tag-world","tag-world-news","tag-worldnews"],"share_on_mastodon":{"url":"https:\/\/pubeurope.com\/@ee\/117116979332379887","error":""},"_links":{"self":[{"href":"https:\/\/www.europesays.com\/ee\/wp-json\/wp\/v2\/posts\/255112","targetHints":{"allow":["GET"]}}],"collection":[{"href":"https:\/\/www.europesays.com\/ee\/wp-json\/wp\/v2\/posts"}],"about":[{"href":"https:\/\/www.europesays.com\/ee\/wp-json\/wp\/v2\/types\/post"}],"author":[{"embeddable":true,"href":"https:\/\/www.europesays.com\/ee\/wp-json\/wp\/v2\/users\/2"}],"replies":[{"embeddable":true,"href":"https:\/\/www.europesays.com\/ee\/wp-json\/wp\/v2\/comments?post=255112"}],"version-history":[{"count":0,"href":"https:\/\/www.europesays.com\/ee\/wp-json\/wp\/v2\/posts\/255112\/revisions"}],"wp:featuredmedia":[{"embeddable":true,"href":"https:\/\/www.europesays.com\/ee\/wp-json\/wp\/v2\/media\/255113"}],"wp:attachment":[{"href":"https:\/\/www.europesays.com\/ee\/wp-json\/wp\/v2\/media?parent=255112"}],"wp:term":[{"taxonomy":"category","embeddable":true,"href":"https:\/\/www.europesays.com\/ee\/wp-json\/wp\/v2\/categories?post=255112"},{"taxonomy":"post_tag","embeddable":true,"href":"https:\/\/www.europesays.com\/ee\/wp-json\/wp\/v2\/tags?post=255112"}],"curies":[{"name":"wp","href":"https:\/\/api.w.org\/{rel}","templated":true}]}}