{"id":255214,"date":"2026-08-18T16:38:28","date_gmt":"2026-08-18T16:38:28","guid":{"rendered":"https:\/\/www.europesays.com\/ee\/255214\/"},"modified":"2026-08-18T16:38:28","modified_gmt":"2026-08-18T16:38:28","slug":"suuria-sojavaelennuvaljal-ja-elektrijaamas-kargatasid-plahvatused","status":"publish","type":"post","link":"https:\/\/www.europesays.com\/ee\/255214\/","title":{"rendered":"S\u00fc\u00fcria s\u00f5jav\u00e4elennuv\u00e4ljal ja elektrijaamas k\u00e4rgatasid plahvatused"},"content":{"rendered":"<p>S\u00fc\u00fcria Idlibi provintsis asuv s\u00f5jav\u00e4elennuv\u00e4li j\u00e4i t\u00e4na hommikul r\u00fcnnaku alla, hiljem k\u00e4rgatasid plahvatused ka B\u0101niy\u0101se soojuselektrijaamas. S\u00fc\u00fcria s\u00fc\u00fcdistab v\u00e4hemalt \u00fches r\u00fcnnakus Iisraeli.<\/p>\n<p>T\u00e4na varahommikul teatas AFP-le tundmatuks j\u00e4\u00e4da soovinud S\u00fc\u00fcria julgeolekuallikas, et lennuk r\u00fcndas riigi loodeosas asuvat Abu al-Duhuri s\u00f5jav\u00e4elennuv\u00e4lja, kus paiknevad kaitseministeeriumi \u00fcksused.<\/p>\n","protected":false},"excerpt":{"rendered":"S\u00fc\u00fcria Idlibi provintsis asuv s\u00f5jav\u00e4elennuv\u00e4li j\u00e4i t\u00e4na hommikul r\u00fcnnaku alla, hiljem k\u00e4rgatasid plahvatused ka B\u0101niy\u0101se soojuselektrijaamas. S\u00fc\u00fcria s\u00fc\u00fcdistab&hellip;\n","protected":false},"author":2,"featured_media":255215,"comment_status":"","ping_status":"","sticky":false,"template":"","format":"standard","meta":{"footnotes":"","_share_on_mastodon":"0"},"categories":[80],"tags":[26,27,37,33,35,34,36,31,32,21,619,28,29,99834,95,19,25,1604,23,24,329,22,20,30,92,93,94],"class_list":["post-255214","post","type-post","status-publish","format-standard","has-post-thumbnail","category-maailm","tag-breaking-news","tag-breakingnews","tag-ee","tag-eesti","tag-eesti-keel","tag-estonia","tag-estonian","tag-featured-news","tag-featurednews","tag-headlines","tag-iisrael","tag-latest-news","tag-latestnews","tag-lennuvali","tag-maailm","tag-news","tag-populaarseimad-lood","tag-suuria","tag-top-stories","tag-topstories","tag-turgi","tag-uldised-uudised","tag-uudised","tag-viimased-uudised","tag-world","tag-world-news","tag-worldnews"],"share_on_mastodon":{"url":"https:\/\/pubeurope.com\/@ee\/117117498586378955","error":""},"_links":{"self":[{"href":"https:\/\/www.europesays.com\/ee\/wp-json\/wp\/v2\/posts\/255214","targetHints":{"allow":["GET"]}}],"collection":[{"href":"https:\/\/www.europesays.com\/ee\/wp-json\/wp\/v2\/posts"}],"about":[{"href":"https:\/\/www.europesays.com\/ee\/wp-json\/wp\/v2\/types\/post"}],"author":[{"embeddable":true,"href":"https:\/\/www.europesays.com\/ee\/wp-json\/wp\/v2\/users\/2"}],"replies":[{"embeddable":true,"href":"https:\/\/www.europesays.com\/ee\/wp-json\/wp\/v2\/comments?post=255214"}],"version-history":[{"count":0,"href":"https:\/\/www.europesays.com\/ee\/wp-json\/wp\/v2\/posts\/255214\/revisions"}],"wp:featuredmedia":[{"embeddable":true,"href":"https:\/\/www.europesays.com\/ee\/wp-json\/wp\/v2\/media\/255215"}],"wp:attachment":[{"href":"https:\/\/www.europesays.com\/ee\/wp-json\/wp\/v2\/media?parent=255214"}],"wp:term":[{"taxonomy":"category","embeddable":true,"href":"https:\/\/www.europesays.com\/ee\/wp-json\/wp\/v2\/categories?post=255214"},{"taxonomy":"post_tag","embeddable":true,"href":"https:\/\/www.europesays.com\/ee\/wp-json\/wp\/v2\/tags?post=255214"}],"curies":[{"name":"wp","href":"https:\/\/api.w.org\/{rel}","templated":true}]}}