{"id":255220,"date":"2026-08-18T16:49:12","date_gmt":"2026-08-18T16:49:12","guid":{"rendered":"https:\/\/www.europesays.com\/ee\/255220\/"},"modified":"2026-08-18T16:49:12","modified_gmt":"2026-08-18T16:49:12","slug":"iaea-juht-suuriast-leiti-mitu-tonni-tuumamaterjale-valismaa","status":"publish","type":"post","link":"https:\/\/www.europesays.com\/ee\/255220\/","title":{"rendered":"IAEA juht: S\u00fc\u00fcriast leiti mitu tonni tuumamaterjale | V\u00e4lismaa"},"content":{"rendered":"<p>\u00dcRO tuumaj\u00e4relevalve juht Rafael Grossi teatas teisip\u00e4eval, et tema agentuur leidis S\u00fc\u00fcrias varem deklareerimata asukohast mitu tonni tuumamaterjale, mis p\u00e4rinevad S\u00fc\u00fcria eelmiste v\u00f5imude valitsusajast.<\/p>\n<p>&#8220;T\u00e4nu teie julgele otsusele meid teavitada veel \u00fche tuumamaterjali hoiukoha olemasolust p\u00e4\u00e4sesime sinna ligi. Jutt k\u00e4ib m\u00f5nest tonnist tuumamaterjalist, mida v\u00f5idakse v\u00e4\u00e4ralt kasutada,&#8221; \u00fctles Rahvusvahelise Aatomienergiaagentuuri (IAEA) juht Grossi Damaskuses toimunud pressikonverentsil.<\/p>\n<p>S\u00fc\u00fcria v\u00e4lisminister Asaad al-Shaibani kinnitas, et S\u00fc\u00fcria v\u00f5imud teavitasid \u00dcRO tuumaj\u00e4relevalvet tuumamaterjalide olemasolu kohta omal vabal tahtel.<\/p>\n<p>Shaibani s\u00f5nul ei kujuta leitud materjalid tehniliste hinnangute kohaselt endast otsest ohtu.<\/p>\n<p>&#8220;Need j\u00e4\u00e4vad S\u00fc\u00fcria riikliku j\u00e4relevalve alla ja allutatakse agentuuri kaitsemeetmete s\u00fcsteemile,&#8221; lisas v\u00e4lisminister.<\/p>\n<p>&#8220;See materjal v\u00f5etakse arvele ja allutatakse rahvusvahelisele kaitsemeetmete s\u00fcsteemile,&#8221; \u00fctles Grossi omalt poolt.<\/p>\n<p>S\u00fc\u00fcria ja IAEA eksperdid asuvad tegema koost\u00f6\u00f6d materjalide ohutuks ladustamiseks, lisas ta.<\/p>\n<p>Grossi k\u00fclastas ka riigi idaosas asuvat Deir Ezzori objekti, mis on olnud 18 aastat suletud ja kus IAEA kahtlustas tuumareaktori olemasolu.<\/p>\n<p>Iisrael tunnistas 2018. aastal, et korraldas 11 aastat varem objekti vastu \u00fclisalajase \u00f5hur\u00fcnnaku.<\/p>\n<p>&#8220;Olime Deir Ezzori objektil, kus praegu toimuvad v\u00e4ga p\u00f5hjalikud v\u00e4ljakaevamis- ja uurimist\u00f6\u00f6d,&#8221; \u00fctles Grossi.<\/p>\n<p>&#8220;See on v\u00e4ga oluline, sest see kinnitab IAEA pikaajalist hinnangut, et seal ehitati salaja tuumarajatist,&#8221; lisas Grossi.<\/p>\n<p>Agentuur teatas eelmisel aastal, et avastas 2024. aastal toimunud inspektsiooni k\u00e4igus objektilt uraaniosakesi.<\/p>\n<p>Grossi visiit j\u00e4rgnes uudisteportaali Axios eelmise n\u00e4dala teatele, mis tsiteeris USA ja Iisraeli ametnikke. Nende s\u00f5nul j\u00f5udsid Washington ja IAEA kokkuleppele, et agentuur eemaldab S\u00fc\u00fcrias salajasel objektil hoitava tuumamaterjali, olles eelnevalt j\u00f5udnud kokkuleppele S\u00fc\u00fcria ja Iisraeliga.<\/p>\n","protected":false},"excerpt":{"rendered":"\u00dcRO tuumaj\u00e4relevalve juht Rafael Grossi teatas teisip\u00e4eval, et tema agentuur leidis S\u00fc\u00fcrias varem deklareerimata asukohast mitu tonni tuumamaterjale,&hellip;\n","protected":false},"author":2,"featured_media":255221,"comment_status":"","ping_status":"","sticky":false,"template":"","format":"standard","meta":{"footnotes":"","_share_on_mastodon":"0"},"categories":[80],"tags":[26,27,37,33,35,34,36,31,32,21,28,29,95,19,25,1604,23,24,99836,22,795,20,30,92,93,94],"class_list":["post-255220","post","type-post","status-publish","format-standard","has-post-thumbnail","category-maailm","tag-breaking-news","tag-breakingnews","tag-ee","tag-eesti","tag-eesti-keel","tag-estonia","tag-estonian","tag-featured-news","tag-featurednews","tag-headlines","tag-latest-news","tag-latestnews","tag-maailm","tag-news","tag-populaarseimad-lood","tag-suuria","tag-top-stories","tag-topstories","tag-tuumamaterjal","tag-uldised-uudised","tag-uro","tag-uudised","tag-viimased-uudised","tag-world","tag-world-news","tag-worldnews"],"share_on_mastodon":{"url":"https:\/\/pubeurope.com\/@ee\/117117541656214290","error":""},"_links":{"self":[{"href":"https:\/\/www.europesays.com\/ee\/wp-json\/wp\/v2\/posts\/255220","targetHints":{"allow":["GET"]}}],"collection":[{"href":"https:\/\/www.europesays.com\/ee\/wp-json\/wp\/v2\/posts"}],"about":[{"href":"https:\/\/www.europesays.com\/ee\/wp-json\/wp\/v2\/types\/post"}],"author":[{"embeddable":true,"href":"https:\/\/www.europesays.com\/ee\/wp-json\/wp\/v2\/users\/2"}],"replies":[{"embeddable":true,"href":"https:\/\/www.europesays.com\/ee\/wp-json\/wp\/v2\/comments?post=255220"}],"version-history":[{"count":0,"href":"https:\/\/www.europesays.com\/ee\/wp-json\/wp\/v2\/posts\/255220\/revisions"}],"wp:featuredmedia":[{"embeddable":true,"href":"https:\/\/www.europesays.com\/ee\/wp-json\/wp\/v2\/media\/255221"}],"wp:attachment":[{"href":"https:\/\/www.europesays.com\/ee\/wp-json\/wp\/v2\/media?parent=255220"}],"wp:term":[{"taxonomy":"category","embeddable":true,"href":"https:\/\/www.europesays.com\/ee\/wp-json\/wp\/v2\/categories?post=255220"},{"taxonomy":"post_tag","embeddable":true,"href":"https:\/\/www.europesays.com\/ee\/wp-json\/wp\/v2\/tags?post=255220"}],"curies":[{"name":"wp","href":"https:\/\/api.w.org\/{rel}","templated":true}]}}