{"id":255326,"date":"2026-08-18T19:32:09","date_gmt":"2026-08-18T19:32:09","guid":{"rendered":"https:\/\/www.europesays.com\/ee\/255326\/"},"modified":"2026-08-18T19:32:09","modified_gmt":"2026-08-18T19:32:09","slug":"amazoni-asutaja-jeff-bezosega-seotud-investorite-grupp-omandas-liverpoolist-ligi-40-protsendise-osaluse","status":"publish","type":"post","link":"https:\/\/www.europesays.com\/ee\/255326\/","title":{"rendered":"Amazoni asutaja Jeff Bezosega seotud investorite grupp omandas Liverpoolist ligi 40-protsendise osaluse"},"content":{"rendered":"<p>Esialgu teatati, et 1892 Holdings omandas umbes kolmandiku klubist, kuid The Athletici andmetel ulatub osalus tegelikult ligikaudu 38 protsendini. Investorite grupil on j\u00e4rgmise 12 kuu jooksul v\u00f5imalus omandada Liverpoolis enamusosalus, kuid praegu puudub neil selleks siduv kokkulepe.<\/p>\n<p>FSG kinnitas reedel oma avalduses, et s\u00f5lmisid 1892 Holdingsiga l\u00f5pliku kokkuleppe strateegilise v\u00e4hemusosaluse m\u00fc\u00fcgiks.<\/p>\n<p>Liverpooli asutamisaasta j\u00e4rgi nime saanud 1892 Holdingsi juhib Briti-India p\u00e4ritolu miljon\u00e4r ja ettev\u00f5tja Amit Bhatia. Investorite gruppi kuuluvad ka Bezos ning Facebooki kaasasutaja ja miljard\u00e4r Eduardo Saverin.<\/p>\n<p>Regulatiivsete kinnituste j\u00e4rel saab Bhatia Liverpooli aseesimeheks ning liitub klubi laiendatud juhatusega. India miljard\u00e4ri Lakshmi Mittali v\u00e4imees Bhatia oli enne oma osaluse m\u00fc\u00fcmist eelmisel kuul 18 aastat Queens Park Rangersi direktor ja kaasomanik.<\/p>\n<p>Tehingu kohaselt hinnatakse Liverpooli v\u00e4\u00e4rtuseks 5\u20136 miljardit naelsterlingit.<\/p>\n<p>Kuidas see lugu Sind end tundma pani?Saada<a href=\"https:\/\/sport.delfi.ee\/artikkel\/120604644\/amazoni-asutaja-jeff-bezosega-seotud-investorite-grupp-omandas-liverpoolist-ligi-40-protsendise-osaluse\/kommentaarid\" class=\"button button--primary button--size-auto article-body-bottom__comment article-body-bottom__comment--write\" style=\"\" rel=\"nofollow noopener\" target=\"_blank\">Kommenteeri<\/a><a href=\"https:\/\/sport.delfi.ee\/artikkel\/120604644\/amazoni-asutaja-jeff-bezosega-seotud-investorite-grupp-omandas-liverpoolist-ligi-40-protsendise-osaluse\/kommentaarid\" class=\"button button--size-auto article-body-bottom__comment article-body-bottom__comment--read\" style=\"\" rel=\"nofollow noopener\" target=\"_blank\">Loe kommentaare <\/a><\/p>\n","protected":false},"excerpt":{"rendered":"Esialgu teatati, et 1892 Holdings omandas umbes kolmandiku klubist, kuid The Athletici andmetel ulatub osalus tegelikult ligikaudu 38&hellip;\n","protected":false},"author":2,"featured_media":255327,"comment_status":"","ping_status":"","sticky":false,"template":"","format":"standard","meta":{"footnotes":"","_share_on_mastodon":"0"},"categories":[18],"tags":[37,33,35,34,36,19703,807,159,158],"class_list":["post-255326","post","type-post","status-publish","format-standard","has-post-thumbnail","category-sport","tag-ee","tag-eesti","tag-eesti-keel","tag-estonia","tag-estonian","tag-jeff-bezos","tag-liverpool","tag-sport","tag-sports"],"share_on_mastodon":{"url":"https:\/\/pubeurope.com\/@ee\/117118182625722837","error":""},"_links":{"self":[{"href":"https:\/\/www.europesays.com\/ee\/wp-json\/wp\/v2\/posts\/255326","targetHints":{"allow":["GET"]}}],"collection":[{"href":"https:\/\/www.europesays.com\/ee\/wp-json\/wp\/v2\/posts"}],"about":[{"href":"https:\/\/www.europesays.com\/ee\/wp-json\/wp\/v2\/types\/post"}],"author":[{"embeddable":true,"href":"https:\/\/www.europesays.com\/ee\/wp-json\/wp\/v2\/users\/2"}],"replies":[{"embeddable":true,"href":"https:\/\/www.europesays.com\/ee\/wp-json\/wp\/v2\/comments?post=255326"}],"version-history":[{"count":0,"href":"https:\/\/www.europesays.com\/ee\/wp-json\/wp\/v2\/posts\/255326\/revisions"}],"wp:featuredmedia":[{"embeddable":true,"href":"https:\/\/www.europesays.com\/ee\/wp-json\/wp\/v2\/media\/255327"}],"wp:attachment":[{"href":"https:\/\/www.europesays.com\/ee\/wp-json\/wp\/v2\/media?parent=255326"}],"wp:term":[{"taxonomy":"category","embeddable":true,"href":"https:\/\/www.europesays.com\/ee\/wp-json\/wp\/v2\/categories?post=255326"},{"taxonomy":"post_tag","embeddable":true,"href":"https:\/\/www.europesays.com\/ee\/wp-json\/wp\/v2\/tags?post=255326"}],"curies":[{"name":"wp","href":"https:\/\/api.w.org\/{rel}","templated":true}]}}