{"id":255350,"date":"2026-08-18T20:16:11","date_gmt":"2026-08-18T20:16:11","guid":{"rendered":"https:\/\/www.europesays.com\/ee\/255350\/"},"modified":"2026-08-18T20:16:11","modified_gmt":"2026-08-18T20:16:11","slug":"kolme-paeva-jarel-taas-kokku-kukkunud-musiala-praegu-on-see-osa-mu-igapaevaelust-soccernet-ee","status":"publish","type":"post","link":"https:\/\/www.europesays.com\/ee\/255350\/","title":{"rendered":"Kolme p\u00e4eva j\u00e4rel taas kokku kukkunud Musiala: praegu on see osa mu igap\u00e4evaelust &#8211; Soccernet.ee"},"content":{"rendered":"<p><img decoding=\"async\" src=\"https:\/\/www.europesays.com\/ee\/wp-content\/uploads\/2026\/08\/1787080298.jpg\" alt=\"Jamal Musiala varises taas kokku. Foto: Scanpix \/ Frank H\u00f6rmann \/ picture alliance\"\/>&#13;\n<\/p>\n<p>See juhtus j\u00e4lle. M\u00fcncheni Bayerni superstaar Jamal Musiala kukkus hooajaeelses treeningm\u00e4ngus kokku. M\u00e4ngija s\u00f5nul ei tasu k\u00f5rvaltvaatajatel muretseda, sest see on praegu tema elu osa.<\/p>\n<p>23-aastane Musiala on pannud vutis\u00f5brad muretsema. Alles m\u00f6\u00f6dunud laup\u00e4eval Leipzigi vastu m\u00e4ngus kokku kukkunud poolkaitsja j\u00f5udis t\u00e4na Heidenheimi vastu pingilt sekkudes pallida vaid neli minutit, kuni ta murule vajus.\u00a0Meditsiinibrigaad reageeris olukorrale kiiresti.&#13;\n<\/p>\n<p>M\u00e4ngijal \u00f5nnestus l\u00f5puks omal j\u00f5ul v\u00e4ljakult \u00e4ra k\u00f5ndida, kuid ta n\u00e4is olevat segaduses ja uimane. Murettekitav juhtum leidis aset hoolimata sellest, et m\u00e4ngija l\u00e4bis enne kohtumist arstliku kontrolli. Peatreener Vincent Kompany andis Musialale m\u00e4nguaega, kuna need uuringud ei tuvastanud \u00fchtegi t\u00f5sist terviseprobleemi. Lisaks oli \u00f5hutemperatuur jahedam kui m\u00f5ne p\u00e4eva eest M\u00fcnchenis, kus m\u00f5\u00f5deti 33 soojakraadi.&#13;\n<\/p>\n<p>N\u00fc\u00fcd otsustas Musiala oma isiklikule Instagrami-kontole paisata postituse, kus p\u00f5hjendab, miks temaga s\u00e4\u00e4rased asjad juhtuvad:<\/p>\n<p>&#8220;K\u00f5igepealt \u2013 mul l\u00e4heb h\u00e4sti. Olen t\u00e4nulik teie s\u00f5numite ja toetuse eest!&#13;\n<\/p>\n<p>M\u00f5istan, et paljud teist on mures. T\u00e4na tahaksin neid muresid leevendada ja midagi selgitada. Mul on diagnoositud l\u00fchiajalised, kuid kergesti ravitavad teadvusekaotused, mis on tingitud neuroloogilisest h\u00e4irest. Need v\u00f5ivad p\u00f5hjustada hiljutisi episoode, mis leidsid aset Leipzigi ja Heidenheimi vastu m\u00e4ngides.&#13;\n<\/p>\n<p>Tean, et esmapilgul v\u00f5ivad need tunduda hirmutavad, kuid minu jaoks on need praegu lihtsalt osa igap\u00e4evaelust. Saan suurep\u00e4rast arstiabi ja olen v\u00e4ga optimistlik. Bayern ning minu pere ja s\u00f5brad on alati minu k\u00f5rval ning toetavad mind sellel teekonnal.&#13;\n<\/p>\n<p>Oluline on see, et t\u00e4iendavaid terviseriske ei ole. P\u00e4rast p\u00f5hjalikke konsultatsioone ja regulaarset suhtlust spetsialistidega oli minu isiklik soov sellele v\u00e4ljakutsele vastu astuda ning neuroloogide loal keskenduda j\u00e4tkuvalt sellele, mis aitab mul k\u00f5ige rohkem taastuda: lihtsalt elada oma igap\u00e4evast elu ja tegeleda oma kire ehk jalgpalli m\u00e4ngimisega. Olen selle eest vastutuse v\u00f5tnud.<\/p>\n<p>\u00dcldiselt on mul v\u00e4ga hea tunne ja olen \u00f5igel teel. K\u00f5ige rohkem aitab mind sel teekonnal see, kui saan koos oma meeskonnaga j\u00e4tkata v\u00f5itude ja tiitlite poole p\u00fc\u00fcdlemist ning tunda teie imelist toetust. Loodan, et m\u00f5istate mind n\u00fc\u00fcd paremini. Samal ajal palun m\u00f5istmist ka selles osas, et soovin hoida selle teema oma l\u00e4himate usaldusisikute, klubi ja spetsialistide ringis.&#8221;&#13;\n<\/p>\n<p>Valitsev Saksamaa t\u0161empion Bayern alustab uut hooaega 22. augustil, kui Saksamaa superkarikafinaalis minnakse vastamisi Dortmundi Borussiaga. Kuus p\u00e4eva hiljem v\u00f5\u00f5rustatakse Bundesliga avavoorus Stuttgarti.&#13;\n<\/p>\n<blockquote class=\"instagram-media\" data-instgrm-captioned=\"\" data-instgrm-permalink=\"https:\/\/www.instagram.com\/p\/DcMSnChMlzE\/?utm_source=ig_embed&amp;utm_campaign=loading\" data-instgrm-version=\"14\" style=\" background:#FFF; border:0; border-radius:3px; box-shadow:0 0 1px 0 rgba(0,0,0,0.5),0 1px 10px 0 rgba(0,0,0,0.15); margin: 1px; max-width:540px; min-width:326px; padding:0; width:99.375%; width:-webkit-calc(100% - 2px); width:calc(100% - 2px);\"><p>&#13;<br \/>\n&#13;\n<\/p><\/blockquote>\n<p>          <script async src=\"\/\/www.instagram.com\/embed.js\"><\/script><\/p>\n","protected":false},"excerpt":{"rendered":"&#13; See juhtus j\u00e4lle. M\u00fcncheni Bayerni superstaar Jamal Musiala kukkus hooajaeelses treeningm\u00e4ngus kokku. M\u00e4ngija s\u00f5nul ei tasu k\u00f5rvaltvaatajatel&hellip;\n","protected":false},"author":2,"featured_media":255351,"comment_status":"","ping_status":"","sticky":false,"template":"","format":"standard","meta":{"footnotes":"","_share_on_mastodon":"0"},"categories":[18],"tags":[525,527,37,33,35,34,36,53482,99871,538,18049,159,158,308,15797],"class_list":["post-255350","post","type-post","status-publish","format-standard","has-post-thumbnail","category-sport","tag-bayern","tag-bundesliga","tag-ee","tag-eesti","tag-eesti-keel","tag-estonia","tag-estonian","tag-jamal-musiala","tag-kokkukukkumine","tag-muncheni-bayern","tag-musiala","tag-sport","tag-sports","tag-tervis","tag-terviserike"],"share_on_mastodon":{"url":"https:\/\/pubeurope.com\/@ee\/117118355624158590","error":""},"_links":{"self":[{"href":"https:\/\/www.europesays.com\/ee\/wp-json\/wp\/v2\/posts\/255350","targetHints":{"allow":["GET"]}}],"collection":[{"href":"https:\/\/www.europesays.com\/ee\/wp-json\/wp\/v2\/posts"}],"about":[{"href":"https:\/\/www.europesays.com\/ee\/wp-json\/wp\/v2\/types\/post"}],"author":[{"embeddable":true,"href":"https:\/\/www.europesays.com\/ee\/wp-json\/wp\/v2\/users\/2"}],"replies":[{"embeddable":true,"href":"https:\/\/www.europesays.com\/ee\/wp-json\/wp\/v2\/comments?post=255350"}],"version-history":[{"count":0,"href":"https:\/\/www.europesays.com\/ee\/wp-json\/wp\/v2\/posts\/255350\/revisions"}],"wp:featuredmedia":[{"embeddable":true,"href":"https:\/\/www.europesays.com\/ee\/wp-json\/wp\/v2\/media\/255351"}],"wp:attachment":[{"href":"https:\/\/www.europesays.com\/ee\/wp-json\/wp\/v2\/media?parent=255350"}],"wp:term":[{"taxonomy":"category","embeddable":true,"href":"https:\/\/www.europesays.com\/ee\/wp-json\/wp\/v2\/categories?post=255350"},{"taxonomy":"post_tag","embeddable":true,"href":"https:\/\/www.europesays.com\/ee\/wp-json\/wp\/v2\/tags?post=255350"}],"curies":[{"name":"wp","href":"https:\/\/api.w.org\/{rel}","templated":true}]}}