{"id":255396,"date":"2026-08-18T21:44:06","date_gmt":"2026-08-18T21:44:06","guid":{"rendered":"https:\/\/www.europesays.com\/ee\/255396\/"},"modified":"2026-08-18T21:44:06","modified_gmt":"2026-08-18T21:44:06","slug":"endine-nomme-kalju-rundaja-liitus-premier-leaguei-klubiga-jalgpall","status":"publish","type":"post","link":"https:\/\/www.europesays.com\/ee\/255396\/","title":{"rendered":"Endine N\u00f5mme Kalju r\u00fcndaja liitus Premier League&#8217;i klubiga | Jalgpall"},"content":{"rendered":"<p>Endine N\u00f5mme Kalju r\u00fcndaja Promise David hakkab sel hooajal m\u00e4ngima Inglismaa k\u00f5rgliigas, sest liitus laenulepingu alusel Brighton &amp; Hove Albioniga.<\/p>\n<p><a href=\"https:\/\/soccernet.ee\/artikkel\/ametlik-promise-david-liitus-premier-leaguei-klubiga\" target=\"_blank\" rel=\"noopener nofollow\">Soccernet.ee<\/a> andmetel s\u00f5lmis 25-aastane Kanada r\u00fcndaja Brightoniga \u00fche hooaja pikkuse laenulepingu, mis sisaldab ka 26 miljoni euro suurust ostukohustust teatud tingimuste t\u00e4itumisel.<\/p>\n<p>David m\u00e4ngis N\u00f5mme Kaljus aastatel 2023\u20132024 poolteist hooaega ning siirdus seej\u00e4rel Belgia klubisse Saint-Gilloise&#8217;i Unionisse, kus aitas meeskonnal v\u00f5ita Belgia meistritiitli, kaks karikav\u00f5istlust ja superkarika.<\/p>\n<p>Unionis sai ta kirja 82 m\u00e4ngu, 41 v\u00e4ravat ja \u00fcheksa resultatiivset s\u00f6\u00f6tu ning j\u00f5udis m\u00e4ngida ka Meistrite liigas ja Euroopa liigas.<\/p>\n<p>Kui David Unionist edasi m\u00fc\u00fcakse, teenib \u00fcleminekust osa ka N\u00f5mme Kalju, kus president Kuno Tehva s\u00f5nul on edasim\u00fc\u00fcgi protsent 10 ja 20 vahel.<\/p>\n<p>Brightoni spordidirektor Mike Cave kirjeldas Davidit kui puhast number \u00fcheksat, kes on tugevate f\u00fc\u00fcsiliste omadustega ja t\u00f5estanud oma v\u00f5imet v\u00e4ravaid l\u00fc\u00fca.<\/p>\n<p><a href=\"https:\/\/soccernet.ee\/artikkel\/ametlik-promise-david-liitus-premier-leaguei-klubiga\" target=\"_blank\" rel=\"noopener nofollow\">Loe pikemalt portaalist Soccernet.ee.<\/a><\/p>\n","protected":false},"excerpt":{"rendered":"Endine N\u00f5mme Kalju r\u00fcndaja Promise David hakkab sel hooajal m\u00e4ngima Inglismaa k\u00f5rgliigas, sest liitus laenulepingu alusel Brighton &amp;&hellip;\n","protected":false},"author":2,"featured_media":255397,"comment_status":"","ping_status":"","sticky":false,"template":"","format":"standard","meta":{"footnotes":"","_share_on_mastodon":"0"},"categories":[18],"tags":[17098,37,33,35,34,36,1550,6565,159,158],"class_list":["post-255396","post","type-post","status-publish","format-standard","has-post-thumbnail","category-sport","tag-brighton-hove-albion","tag-ee","tag-eesti","tag-eesti-keel","tag-estonia","tag-estonian","tag-nomme-kalju-fc","tag-promise-david","tag-sport","tag-sports"],"share_on_mastodon":{"url":"https:\/\/pubeurope.com\/@ee\/117118701568382877","error":""},"_links":{"self":[{"href":"https:\/\/www.europesays.com\/ee\/wp-json\/wp\/v2\/posts\/255396","targetHints":{"allow":["GET"]}}],"collection":[{"href":"https:\/\/www.europesays.com\/ee\/wp-json\/wp\/v2\/posts"}],"about":[{"href":"https:\/\/www.europesays.com\/ee\/wp-json\/wp\/v2\/types\/post"}],"author":[{"embeddable":true,"href":"https:\/\/www.europesays.com\/ee\/wp-json\/wp\/v2\/users\/2"}],"replies":[{"embeddable":true,"href":"https:\/\/www.europesays.com\/ee\/wp-json\/wp\/v2\/comments?post=255396"}],"version-history":[{"count":0,"href":"https:\/\/www.europesays.com\/ee\/wp-json\/wp\/v2\/posts\/255396\/revisions"}],"wp:featuredmedia":[{"embeddable":true,"href":"https:\/\/www.europesays.com\/ee\/wp-json\/wp\/v2\/media\/255397"}],"wp:attachment":[{"href":"https:\/\/www.europesays.com\/ee\/wp-json\/wp\/v2\/media?parent=255396"}],"wp:term":[{"taxonomy":"category","embeddable":true,"href":"https:\/\/www.europesays.com\/ee\/wp-json\/wp\/v2\/categories?post=255396"},{"taxonomy":"post_tag","embeddable":true,"href":"https:\/\/www.europesays.com\/ee\/wp-json\/wp\/v2\/tags?post=255396"}],"curies":[{"name":"wp","href":"https:\/\/api.w.org\/{rel}","templated":true}]}}