{"id":255438,"date":"2026-08-18T23:03:14","date_gmt":"2026-08-18T23:03:14","guid":{"rendered":"https:\/\/www.europesays.com\/ee\/255438\/"},"modified":"2026-08-18T23:03:14","modified_gmt":"2026-08-18T23:03:14","slug":"suuria-teatel-rundas-iisrael-riigi-lennuvaebaasi-turgi-ja-usa-hoiatavad-eskalatsiooni-eest","status":"publish","type":"post","link":"https:\/\/www.europesays.com\/ee\/255438\/","title":{"rendered":"S\u00fc\u00fcria teatel r\u00fcndas Iisrael riigi lennuv\u00e4ebaasi, T\u00fcrgi ja USA hoiatavad eskalatsiooni eest"},"content":{"rendered":"<p>Iisrael viis l\u00e4bi kaheksa \u00f5hur\u00fcnnakut baasi lennurajale ja laoruumidele, teatas S\u00fc\u00fcria riiklik uudisteagentuur Ekhbariya s\u00f5jav\u00e4eallikale viidates. Teine s\u00f5jav\u00e4eallikas oli kinnitanud, et ohvreid ei olnud.<\/p>\n<p>S\u00fc\u00fcria v\u00e4lisminister Assad al-Shibani n\u00f5udis r\u00fcnnakute l\u00f5petamist, \u00f6eldes, et Iisrael peaks oma positsiooni S\u00fc\u00fcria suhtes \u00fcmber hindama, sest riigi r\u00fcndamise korral ei seisa nad silmitsi vaid Damaskusega, aga ka liitlastega. \u201eMe j\u00e4tkame oma diplomaatilist teed, et veenda Iisraeli sellest poliitikast loobuma ja sundida teda l\u00f5petama r\u00fcnnakud S\u00fc\u00fcria vastu,\u201c \u00fctles ta pressikonverentsil, vahendab uudisteagentuur Reuters.<\/p>\n<p>USA eriesindaja S\u00fc\u00fcrias ja Iraagis Tom Barrack nimetas r\u00fcnnakuid tarbetuks eskalatsiooniks. \u201eMe julgustame k\u00f5iki osapooli seadma m\u00f5istlikku dialoogi esikohale edasiste s\u00f5jaliste intsidentide ees,\u201c lisas ta.<\/p>\n<p>Teadaolevalt suhtub Iisrael S\u00fc\u00fcria uude juhtkonda s\u00fcgava umbusuga nende islamistliku r\u00fchmituse tausta t\u00f5ttu. Iisrael on p\u00e4rast S\u00fc\u00fcria endise presidendi Bashar al-Assadi kukutamist 2024. aastal r\u00fcnnanud riigi valitsusasutusi, algatanud r\u00fcnnakuid druuside v\u00e4hemuse kaitsmise nimel ja vallutanud osa territooriumist riigi edelaosas.<\/p>\n<p>S\u00fc\u00fcria presidendi <a rel=\"noopener nofollow\" target=\"_blank\" href=\"https:\/\/www.delfi.ee\/teema\/96866231\/ahmed-al-sharaa\" tag-id=\"96866231\">Ahmed al-Sharaa<\/a> \u00fcheks peamiseks liitlaseks on saanud T\u00fcrgi, kes on aidanud S\u00fc\u00fcriat armee v\u00e4lja\u00f5petamisel, riiklike institutsioonide ja taristu taastamisel ning pakkunud s\u00f5jalist ja diplomaatilist tuge.<\/p>\n<p>T\u00fcrgi v\u00e4lisministeerium m\u00f5istis r\u00fcnnakud hukka, v\u00e4ites, et need rikuvad S\u00fc\u00fcria territoriaalset \u00fchtsust ja terviklikkust. \u201eMe kutsume rahvusvahelist \u00fcldsust \u00fcles v\u00f5tma otsustavamat seisukohta Iisraeli eskaleeruva agressiooni l\u00f5petamiseks S\u00fc\u00fcria vastu,\u201c \u00f6eldi avalduses.<\/p>\n<p>R\u00fcnnakud j\u00e4rgnevad Iisraeli ja T\u00fcrgi vahelisele teravnevale retoorikale S\u00fc\u00fcria k\u00fcsimuses. Iisraeli kaitseminister <a rel=\"noopener nofollow\" target=\"_blank\" href=\"https:\/\/www.delfi.ee\/teema\/96860679\/israel-katz\" tag-id=\"96860679\">Israel Katz<\/a> on hoiatanud T\u00fcrgit, et nad ei luba S\u00fc\u00fcria s\u00f5jalise v\u00f5imekuse tugevdamist viisil, mis v\u00f5iks Iisraelile ohtu kujutada.<\/p>\n<p>Kuidas see lugu Sind end tundma pani?Saada<a href=\"https:\/\/www.delfi.ee\/artikkel\/120604669\/suuria-teatel-rundas-iisrael-riigi-lennuvaebaasi-turgi-ja-usa-hoiatavad-eskalatsiooni-eest\/kommentaarid\" class=\"button button--primary button--size-auto article-body-bottom__comment article-body-bottom__comment--write\" style=\"\" rel=\"nofollow noopener\" target=\"_blank\">Kommenteeri<\/a><a href=\"https:\/\/www.delfi.ee\/artikkel\/120604669\/suuria-teatel-rundas-iisrael-riigi-lennuvaebaasi-turgi-ja-usa-hoiatavad-eskalatsiooni-eest\/kommentaarid\" class=\"button button--size-auto article-body-bottom__comment article-body-bottom__comment--read\" style=\"\" rel=\"nofollow noopener\" target=\"_blank\">Loe kommentaare (8)<\/a><\/p>\n","protected":false},"excerpt":{"rendered":"Iisrael viis l\u00e4bi kaheksa \u00f5hur\u00fcnnakut baasi lennurajale ja laoruumidele, teatas S\u00fc\u00fcria riiklik uudisteagentuur Ekhbariya s\u00f5jav\u00e4eallikale viidates. Teine s\u00f5jav\u00e4eallikas&hellip;\n","protected":false},"author":2,"featured_media":255439,"comment_status":"","ping_status":"","sticky":false,"template":"","format":"standard","meta":{"footnotes":"","_share_on_mastodon":"0"},"categories":[80],"tags":[5950,26,27,37,33,35,34,36,31,32,21,619,7237,28,29,95,19,25,1604,23,24,329,22,20,30,92,93,94],"class_list":["post-255438","post","type-post","status-publish","format-standard","has-post-thumbnail","category-maailm","tag-ahmed-al-sharaa","tag-breaking-news","tag-breakingnews","tag-ee","tag-eesti","tag-eesti-keel","tag-estonia","tag-estonian","tag-featured-news","tag-featurednews","tag-headlines","tag-iisrael","tag-israel-katz","tag-latest-news","tag-latestnews","tag-maailm","tag-news","tag-populaarseimad-lood","tag-suuria","tag-top-stories","tag-topstories","tag-turgi","tag-uldised-uudised","tag-uudised","tag-viimased-uudised","tag-world","tag-world-news","tag-worldnews"],"share_on_mastodon":{"url":"https:\/\/pubeurope.com\/@ee\/117119012207181961","error":""},"_links":{"self":[{"href":"https:\/\/www.europesays.com\/ee\/wp-json\/wp\/v2\/posts\/255438","targetHints":{"allow":["GET"]}}],"collection":[{"href":"https:\/\/www.europesays.com\/ee\/wp-json\/wp\/v2\/posts"}],"about":[{"href":"https:\/\/www.europesays.com\/ee\/wp-json\/wp\/v2\/types\/post"}],"author":[{"embeddable":true,"href":"https:\/\/www.europesays.com\/ee\/wp-json\/wp\/v2\/users\/2"}],"replies":[{"embeddable":true,"href":"https:\/\/www.europesays.com\/ee\/wp-json\/wp\/v2\/comments?post=255438"}],"version-history":[{"count":0,"href":"https:\/\/www.europesays.com\/ee\/wp-json\/wp\/v2\/posts\/255438\/revisions"}],"wp:featuredmedia":[{"embeddable":true,"href":"https:\/\/www.europesays.com\/ee\/wp-json\/wp\/v2\/media\/255439"}],"wp:attachment":[{"href":"https:\/\/www.europesays.com\/ee\/wp-json\/wp\/v2\/media?parent=255438"}],"wp:term":[{"taxonomy":"category","embeddable":true,"href":"https:\/\/www.europesays.com\/ee\/wp-json\/wp\/v2\/categories?post=255438"},{"taxonomy":"post_tag","embeddable":true,"href":"https:\/\/www.europesays.com\/ee\/wp-json\/wp\/v2\/tags?post=255438"}],"curies":[{"name":"wp","href":"https:\/\/api.w.org\/{rel}","templated":true}]}}