{"id":255446,"date":"2026-08-19T00:31:28","date_gmt":"2026-08-19T00:31:28","guid":{"rendered":"https:\/\/www.europesays.com\/ee\/255446\/"},"modified":"2026-08-19T00:31:28","modified_gmt":"2026-08-19T00:31:28","slug":"itaalia-ekspert-valitsuse-stabiilsus-on-lubanud-melonil-teha-ukrainat-toetades-ebapopulaarseid-otsuseid","status":"publish","type":"post","link":"https:\/\/www.europesays.com\/ee\/255446\/","title":{"rendered":"Itaalia ekspert: valitsuse stabiilsus on lubanud Melonil teha Ukrainat toetades ebapopulaarseid otsuseid"},"content":{"rendered":"<p class=\"MsoNormal\">Septembri esimestel p\u00e4evadel saab Meloni kabinetist Teise maailmas\u00f5ja j\u00e4rgse Itaalia k\u00f5ige pikema staa\u017eiga valitsus. Alates 2022. aasta s\u00fcgisest v\u00f5imul olnud peaministripartei Itaalia Vennad (FdI) ning erakondade Liiga ja Forza Italia k\u00e4reparempoolse koalitsiooni kindlus on andnud Rooma m\u00f5ttekoja Rahvusvaheliste Suhete Instituut (IAI) julgeolekupoliitika asjatundja Alessandro Marrone s\u00f5nul neile v\u00f5imaluse, seada plaane terve viieaastase valimists\u00fckli ulatuses, ilma et peaks itaallaste meeleolu p\u00e4rast pidevalt jalga v\u00e4ristama.<\/p>\n","protected":false},"excerpt":{"rendered":"Septembri esimestel p\u00e4evadel saab Meloni kabinetist Teise maailmas\u00f5ja j\u00e4rgse Itaalia k\u00f5ige pikema staa\u017eiga valitsus. Alates 2022. aasta s\u00fcgisest&hellip;\n","protected":false},"author":2,"featured_media":255447,"comment_status":"","ping_status":"","sticky":false,"template":"","format":"standard","meta":{"footnotes":"","_share_on_mastodon":"0"},"categories":[80],"tags":[26,27,37,33,35,34,36,590,31,32,2368,21,99881,99880,77792,23374,6446,28,29,95,54,19,25,48482,23,24,124,22,20,2875,99882,30,92,93,94],"class_list":["post-255446","post","type-post","status-publish","format-standard","has-post-thumbnail","category-maailm","tag-breaking-news","tag-breakingnews","tag-ee","tag-eesti","tag-eesti-keel","tag-estonia","tag-estonian","tag-euroopa-liit","tag-featured-news","tag-featurednews","tag-giorgia-meloni","tag-headlines","tag-itaalia-kaitsepoliitika","tag-itaalia-poliitika","tag-itaalia-valitsus","tag-itaalia-vennad","tag-kaitsekulutused","tag-latest-news","tag-latestnews","tag-maailm","tag-nato","tag-news","tag-populaarseimad-lood","tag-roberto-vannacci","tag-top-stories","tag-topstories","tag-ukraina-soda","tag-uldised-uudised","tag-uudised","tag-venemaa-agressioon","tag-viie-tahe-liikumine","tag-viimased-uudised","tag-world","tag-world-news","tag-worldnews"],"share_on_mastodon":{"url":"","error":"Validation failed: Text character limit of 500 exceeded"},"_links":{"self":[{"href":"https:\/\/www.europesays.com\/ee\/wp-json\/wp\/v2\/posts\/255446","targetHints":{"allow":["GET"]}}],"collection":[{"href":"https:\/\/www.europesays.com\/ee\/wp-json\/wp\/v2\/posts"}],"about":[{"href":"https:\/\/www.europesays.com\/ee\/wp-json\/wp\/v2\/types\/post"}],"author":[{"embeddable":true,"href":"https:\/\/www.europesays.com\/ee\/wp-json\/wp\/v2\/users\/2"}],"replies":[{"embeddable":true,"href":"https:\/\/www.europesays.com\/ee\/wp-json\/wp\/v2\/comments?post=255446"}],"version-history":[{"count":0,"href":"https:\/\/www.europesays.com\/ee\/wp-json\/wp\/v2\/posts\/255446\/revisions"}],"wp:featuredmedia":[{"embeddable":true,"href":"https:\/\/www.europesays.com\/ee\/wp-json\/wp\/v2\/media\/255447"}],"wp:attachment":[{"href":"https:\/\/www.europesays.com\/ee\/wp-json\/wp\/v2\/media?parent=255446"}],"wp:term":[{"taxonomy":"category","embeddable":true,"href":"https:\/\/www.europesays.com\/ee\/wp-json\/wp\/v2\/categories?post=255446"},{"taxonomy":"post_tag","embeddable":true,"href":"https:\/\/www.europesays.com\/ee\/wp-json\/wp\/v2\/tags?post=255446"}],"curies":[{"name":"wp","href":"https:\/\/api.w.org\/{rel}","templated":true}]}}