{"id":255452,"date":"2026-08-19T01:28:26","date_gmt":"2026-08-19T01:28:26","guid":{"rendered":"https:\/\/www.europesays.com\/ee\/255452\/"},"modified":"2026-08-19T01:28:26","modified_gmt":"2026-08-19T01:28:26","slug":"suursild-laheme-parnu-koalitsiooniga-heas-usus-jargmiste-valimisteni-eesti","status":"publish","type":"post","link":"https:\/\/www.europesays.com\/ee\/255452\/","title":{"rendered":"Suursild: l\u00e4heme P\u00e4rnu koalitsiooniga heas usus j\u00e4rgmiste valimisteni | Eesti"},"content":{"rendered":"<p>P\u00e4rnu uueks linnapeaks valitud Siim Suursild (Isamaa) \u00fctles &#8220;Vikerhommikus&#8221;, et v\u00f5imuliidul ei ole plaanis j\u00e4rgmise kolme ja poole aasta jooksul ametikohti koalitsioonilepingu alusel \u00fcmber m\u00e4ngida ning Isamaa soovib keskenduda eelk\u00f5ige perede toimetulekule, huviharidusele ja linna investeeringute tasakaalustamisele.<\/p>\n<p>Suursilla s\u00f5nul on plaan heas usus vastu minna kolmele ja poolele aastale, mis on j\u00e4rgmiste valimisteni j\u00e4\u00e4nud. &#8220;L\u00e4heme edasi ilma igasuguste vahetuste ja man\u00f6\u00f6verdusteta. Uues koalitsioonilepingus ei ole plaanis kedagi lepingu alusel v\u00e4lja vahetada,&#8221; \u00fctles Suursild.<\/p>\n<p>&#8220;L\u00e4hme vastu heas usus, et see koalitsioon kestab ning on v\u00f5imalik ellu viia enda ideid ja lubadusi, mis p\u00e4rnakatele on antud. See, mida teevad partnerid, j\u00e4\u00e4b nende s\u00fcdametunnistusele, ja ega meil on siin keerukas kaasa r\u00e4\u00e4kida. Teeme omalt poolt k\u00f5ik, et see koalitsioon kestaks,&#8221; lisas ta.<\/p>\n<p>Suursilla s\u00f5nul j\u00e4\u00e4b iga osapoole vastutada, kelle nad saadavad enda valijaid ja erakonda linnavalitsusse esindama. &#8220;Minul kui linnapeal j\u00e4\u00e4b loota, et meeskond hakkab toimima ja neid vanu patte uude ametisse kaasa ei v\u00f5eta,&#8221; nentis ta.<\/p>\n<p>&#8220;Arvan, et olles p\u00e4ris paljudes valimiskampaaniates osalenud ja P\u00e4rnu linnas ning maakonnas enam-v\u00e4hem arvestatavaid ameteid kandnud, on minu kuue rev\u00e4\u00e4rid ja taskud p\u00e4ris p\u00f5hjalikult l\u00e4bi uuritud ja valgustatud. Alati v\u00f5ib kuskilt sopist midagi leida, aga ise k\u00fcll praegu ei oska midagi ette n\u00e4ha,&#8221; \u00fctles Suursild vastates saatejuhi k\u00fcsimusele luukerede kohta kapis.<\/p>\n<p>Isamaa jaoks on olulisem perede toimetulek<\/p>\n<p>Suursilla s\u00f5nul on Isamaa jaoks k\u00f5ige t\u00e4htsam perede toimetulek. Huviharidus on teema, mida Isamaa on kandnud alates ajast, kui riik selle toetust v\u00e4hendas. &#8220;Olen olnud selles karussellis pikalt ja tean, kuidas huvihariduse rahad kunagi riigieelarvest omavalitsustele tulid.&#8221;<\/p>\n<p>&#8220;Mingil hetkel keerati need kraanid kinni. Laste huvitegevuse ja meie perede heaolu tagamine ning seel\u00e4bi perede toetamine on \u00fcks meie suuremaid eesm\u00e4rke. P\u00e4rnu jaoks, nagu paljude teiste Eesti paikade jaoks, on k\u00f5ige t\u00e4htsam, et meil oleks noori inimesi, kes viiksid elu edasi ja arendaksid linna,&#8221; lisas ta.<\/p>\n<p>Suursilla s\u00f5nul on P\u00e4rnu linna eelarve suur ja m\u00f5ned investeerimisplaanid tuleb kriitilise pilguga \u00fcle vaadata. &#8220;Nagu on \u00f6eldud: betoon versus inimesed. Arvan, et me leiame siin tasakaalupunkti \u2013 v\u00f5ib-olla m\u00f5ningate investeeringute protsess aeglustub, aga seda enam p\u00f6\u00f6rame t\u00e4helepanu oma inimestele,&#8221; selgitas Suursild.<\/p>\n<p>P\u00e4rnu lennujaamal Skandinaavia turul oma koht<\/p>\n<p>Suursild n\u00e4eb P\u00e4rnu lennujaama riigi infrastruktuuri \u00fche osana, nii nagu on Saaremaa s\u00fcvasadam, Kuressaare lennujaam v\u00f5i Tartu lennujaam. Need on tema s\u00f5nul taristuobjektid, millele tuleb koost\u00f6\u00f6s riigiga leida parim haldaja ja valitseja.<\/p>\n<p>&#8220;P\u00e4rnu ei peaks arvama, et meist saab lennuv\u00e4li, mis hakkab Riia v\u00f5i Tallinnaga konkureerima, aga meil on kindlasti olemas oma ni\u0161\u0161. Seda, kuidas sellised regionaalsed lennujaamad v\u00f5iksid siin regioonis toimida, on n\u00e4idanud ka Soome ettev\u00f5tjad. Arvan, et kui leiame koost\u00f6\u00f6s riigiga \u00f5ige lahenduse, on P\u00e4rnu lennujaamal siin Skandinaavia turul oma koht,&#8221; \u00fctles Suursild.<\/p>\n<p>Suursilla hinnangul saab koalitsiooni kooshoidmine toimuda ainult l\u00e4bi suhtluse. &#8220;Olen olnud osaline p\u00e4ris mitmes P\u00e4rnu linna koalitsioonis ja n\u00e4inud seda poliitika katlas podisemist mitmete osapooltega.&#8221;<\/p>\n<p>&#8220;Kui inimestega r\u00e4\u00e4kida, loksutada m\u00f5tteid ja leida lahendusi \u2013 n\u00e4iteks mul tulevad Isamaa poolt kaasa siin piirkonnas tuntud pikaaegsed tegijad, kellel on omad m\u00f5tted ja tahtmised P\u00e4rnu jaoks lahendusi leida \u2013, siis ma arvan, et see on v\u00f5imalik.&#8221;<\/p>\n<p>&#8220;Mitme partneriga koalitsioonid on alati sellised, see on meie demokraatia ja siin tuleb leida konsensus, kui tahetakse selles linnas rahulikult koos eksisteerida ja elada,&#8221; \u00fctles Suursild.<\/p>\n<p>P\u00e4rnu linnavolikogu uus v\u00f5imuliit umbusaldas esmasp\u00e4evasel istungil linnapea Kristel Voltenbergi, kuigi too teatas volikogu istungi alguses, et astub ise ametist tagasi. Uueks linnapeaks valis volikogu Siim Suursilla (Isamaa).<\/p>\n<p>Isamaa, EKRE ja Keskerakond s\u00f5lmisid eelmisel n\u00e4dalal P\u00e4rnus koalitsioonileppe linna juhtimiseks 2029. aastani.<\/p>\n","protected":false},"excerpt":{"rendered":"P\u00e4rnu uueks linnapeaks valitud Siim Suursild (Isamaa) \u00fctles &#8220;Vikerhommikus&#8221;, et v\u00f5imuliidul ei ole plaanis j\u00e4rgmise kolme ja poole&hellip;\n","protected":false},"author":2,"featured_media":255453,"comment_status":"","ping_status":"","sticky":false,"template":"","format":"standard","meta":{"footnotes":"","_share_on_mastodon":"0"},"categories":[5],"tags":[26,27,37,33,35,729,34,36,31,32,21,731,819,28,29,4008,19,1421,25,733,23,24,22,20,30],"class_list":["post-255452","post","type-post","status-publish","format-standard","has-post-thumbnail","category-uldised-uudised","tag-breaking-news","tag-breakingnews","tag-ee","tag-eesti","tag-eesti-keel","tag-ekre","tag-estonia","tag-estonian","tag-featured-news","tag-featurednews","tag-headlines","tag-isamaa","tag-keskerakond","tag-latest-news","tag-latestnews","tag-linnapea","tag-news","tag-parnu","tag-populaarseimad-lood","tag-siim-suursild","tag-top-stories","tag-topstories","tag-uldised-uudised","tag-uudised","tag-viimased-uudised"],"share_on_mastodon":{"url":"https:\/\/pubeurope.com\/@ee\/117119582574553779","error":""},"_links":{"self":[{"href":"https:\/\/www.europesays.com\/ee\/wp-json\/wp\/v2\/posts\/255452","targetHints":{"allow":["GET"]}}],"collection":[{"href":"https:\/\/www.europesays.com\/ee\/wp-json\/wp\/v2\/posts"}],"about":[{"href":"https:\/\/www.europesays.com\/ee\/wp-json\/wp\/v2\/types\/post"}],"author":[{"embeddable":true,"href":"https:\/\/www.europesays.com\/ee\/wp-json\/wp\/v2\/users\/2"}],"replies":[{"embeddable":true,"href":"https:\/\/www.europesays.com\/ee\/wp-json\/wp\/v2\/comments?post=255452"}],"version-history":[{"count":0,"href":"https:\/\/www.europesays.com\/ee\/wp-json\/wp\/v2\/posts\/255452\/revisions"}],"wp:featuredmedia":[{"embeddable":true,"href":"https:\/\/www.europesays.com\/ee\/wp-json\/wp\/v2\/media\/255453"}],"wp:attachment":[{"href":"https:\/\/www.europesays.com\/ee\/wp-json\/wp\/v2\/media?parent=255452"}],"wp:term":[{"taxonomy":"category","embeddable":true,"href":"https:\/\/www.europesays.com\/ee\/wp-json\/wp\/v2\/categories?post=255452"},{"taxonomy":"post_tag","embeddable":true,"href":"https:\/\/www.europesays.com\/ee\/wp-json\/wp\/v2\/tags?post=255452"}],"curies":[{"name":"wp","href":"https:\/\/api.w.org\/{rel}","templated":true}]}}