{"id":255510,"date":"2026-08-19T05:05:11","date_gmt":"2026-08-19T05:05:11","guid":{"rendered":"https:\/\/www.europesays.com\/ee\/255510\/"},"modified":"2026-08-19T05:05:11","modified_gmt":"2026-08-19T05:05:11","slug":"vagev-promise-david-liitub-inglismaa-korgliigaklubi-brightoniga","status":"publish","type":"post","link":"https:\/\/www.europesays.com\/ee\/255510\/","title":{"rendered":"V\u00e4gev! Promise David liitub Inglismaa k\u00f5rgliigaklubi Brightoniga"},"content":{"rendered":"<p>Leping sisaldab kokkulepet, mille kohaselt peab Brighton teatud tingimuste t\u00e4itumisel m\u00e4ngija m\u00e4ngu\u00f5igused p\u00e4riseks v\u00e4lja ostma. Davidi senise leivaisa, Belgia k\u00f5rgliigaklubi Royale Union Saint-Gilloise\u2019i teatel toob tehingu p\u00fcsivaks muutumine neile klubi ajaloo suurima \u00fcleminekutasu. Seejuures peaks korraliku summa saama ka Kalju. <\/p>\n<p>25-aastane Nigeeria juurtega r\u00fcndaja liitus Unioniga 2024. aasta suvel. Oma esimesel hooajal k\u00f5mmutas ta 19 v\u00e4ravat ning aitas klubil v\u00f5ita 90 aastase pausi j\u00e4rel taas meistritiitli. Belgias sai ta 82 m\u00e4nguga kirja 41 v\u00e4ravat ja 9 v\u00e4ravas\u00f6\u00f6tu.<\/p>\n<p>Brightoni spordidirektor Mike Cave t\u00f5des, et on Davidil juba pikemat aega silma peal hoidnud. \u201eTa on pesuehtne r\u00fcndaja, kellel on suurep\u00e4rased f\u00fc\u00fcsilised eeldused ja t\u00f5estatud oskus v\u00e4ravaid l\u00fc\u00fca,\u201c s\u00f5nas Cave.<\/p>\n<p>\u201eLoodame, et tema kogemused nii rahvusvahelisel tasemel kui ka eurosarjades osutuvad sel hooajal meile v\u00e4\u00e4rtuslikuks. Ta on 25-aastaselt j\u00f5udmas oma parimasse m\u00e4nguikka ja ootame p\u00f5nevusega tema edasist arengut meie klubis.\u201c<\/p>\n<p>T\u00e4navustel jalgpalli maailmameistriv\u00f5istlustel k\u00e4is David v\u00e4ljakul viies kohtumises ning sai jala valgeks alagrupim\u00e4ngus \u0160veitsi vastu. Kanada rahvuskoondise s\u00e4rgis on ta praeguseks 14 m\u00e4nguga l\u00f6\u00f6nud neli v\u00e4ravat. Deb\u00fc\u00fcdi tegi ta alles eelmisel aasta. Varem esindas ta Kanada asemel Nigeeriat. <\/p>\n<p>Klubi sotsiaalmeedia vahendusel andis David ka esimese kiire kommentaari. \u201eOlen \u00f5nnelik, et Brightoniga liituda. Armastan linna ja staadionit. Ma ei j\u00f5ua \u00e4ra oodata, et v\u00e4ravaid l\u00fc\u00fca,\u201c \u00fctles David. <\/p>\n<p>Kanadalane liitus Kaljuga 2023. aastal. Esmalt m\u00e4ngis ta duubelmeeskonnas ning skooris 19 m\u00e4nguga 22 v\u00e4ravat. 2024. aastal sai ta Kalju esindusmeeskonnas esimese 14 m\u00e4nguga kirja 16 tabamust. <\/p>\n<p>M\u00f6\u00f6dunud hooajal sai Brighton &amp; Hove Albion Premier League\u2019is kaheksanda koha. David v\u00f5ib v\u00e4ljakule astuda aga juba kolmap\u00e4eval, kui UEFA konverentsiliiga play-off\u2019is kohtutakse norralaste Tromsoga. Korduskohtumine leiab aset 27. augustil.<\/p>\n<p>Kuidas see lugu Sind end tundma pani?Saada<a href=\"https:\/\/sport.delfi.ee\/artikkel\/120604683\/vagev-promise-david-liitub-inglismaa-korgliigaklubi-brightoniga\/kommentaarid\" class=\"button button--primary button--size-auto article-body-bottom__comment article-body-bottom__comment--write\" style=\"\" rel=\"nofollow noopener\" target=\"_blank\">Kommenteeri<\/a><a href=\"https:\/\/sport.delfi.ee\/artikkel\/120604683\/vagev-promise-david-liitub-inglismaa-korgliigaklubi-brightoniga\/kommentaarid\" class=\"button button--size-auto article-body-bottom__comment article-body-bottom__comment--read\" style=\"\" rel=\"nofollow noopener\" target=\"_blank\">Loe kommentaare (1)<\/a><\/p>\n","protected":false},"excerpt":{"rendered":"Leping sisaldab kokkulepet, mille kohaselt peab Brighton teatud tingimuste t\u00e4itumisel m\u00e4ngija m\u00e4ngu\u00f5igused p\u00e4riseks v\u00e4lja ostma. Davidi senise leivaisa,&hellip;\n","protected":false},"author":2,"featured_media":255511,"comment_status":"","ping_status":"","sticky":false,"template":"","format":"standard","meta":{"footnotes":"","_share_on_mastodon":"0"},"categories":[18],"tags":[17098,37,33,35,34,36,41766,1550,6565,159,158],"class_list":["post-255510","post","type-post","status-publish","format-standard","has-post-thumbnail","category-sport","tag-brighton-hove-albion","tag-ee","tag-eesti","tag-eesti-keel","tag-estonia","tag-estonian","tag-jalgpalli-maailmameistrivoistlused","tag-nomme-kalju-fc","tag-promise-david","tag-sport","tag-sports"],"share_on_mastodon":{"url":"https:\/\/pubeurope.com\/@ee\/117120435978219498","error":""},"_links":{"self":[{"href":"https:\/\/www.europesays.com\/ee\/wp-json\/wp\/v2\/posts\/255510","targetHints":{"allow":["GET"]}}],"collection":[{"href":"https:\/\/www.europesays.com\/ee\/wp-json\/wp\/v2\/posts"}],"about":[{"href":"https:\/\/www.europesays.com\/ee\/wp-json\/wp\/v2\/types\/post"}],"author":[{"embeddable":true,"href":"https:\/\/www.europesays.com\/ee\/wp-json\/wp\/v2\/users\/2"}],"replies":[{"embeddable":true,"href":"https:\/\/www.europesays.com\/ee\/wp-json\/wp\/v2\/comments?post=255510"}],"version-history":[{"count":0,"href":"https:\/\/www.europesays.com\/ee\/wp-json\/wp\/v2\/posts\/255510\/revisions"}],"wp:featuredmedia":[{"embeddable":true,"href":"https:\/\/www.europesays.com\/ee\/wp-json\/wp\/v2\/media\/255511"}],"wp:attachment":[{"href":"https:\/\/www.europesays.com\/ee\/wp-json\/wp\/v2\/media?parent=255510"}],"wp:term":[{"taxonomy":"category","embeddable":true,"href":"https:\/\/www.europesays.com\/ee\/wp-json\/wp\/v2\/categories?post=255510"},{"taxonomy":"post_tag","embeddable":true,"href":"https:\/\/www.europesays.com\/ee\/wp-json\/wp\/v2\/tags?post=255510"}],"curies":[{"name":"wp","href":"https:\/\/api.w.org\/{rel}","templated":true}]}}