{"id":255524,"date":"2026-08-19T05:27:08","date_gmt":"2026-08-19T05:27:08","guid":{"rendered":"https:\/\/www.europesays.com\/ee\/255524\/"},"modified":"2026-08-19T05:27:08","modified_gmt":"2026-08-19T05:27:08","slug":"vagev-endine-nomme-kalju-rundaja-promise-david-liitus-inglismaa-tippklubiga-postimees-sport","status":"publish","type":"post","link":"https:\/\/www.europesays.com\/ee\/255524\/","title":{"rendered":"V\u00c4GEV! Endine N\u00f5mme Kalju r\u00fcndaja Promise David liitus Inglismaa tippklubiga &#8211; Postimees Sport"},"content":{"rendered":"<ol>\n<li><a href=\"https:\/\/news.google.com\/rss\/articles\/CBMirwFBVV95cUxOY1pDanpVRTRrakZSVnU3dElkT183YkZqWW9Uc2RoOVA4blY2LUo1bUxEdzZkVXFiV1BFTm9wYVVJWHJ6TXNJNUREQjc1U202cUtoeG9mWkdTUnlDcjRuMzk0LW1SNXlVZDljUHVCclEwVjZmS2NlSWdUR2RoMmxsdkZOS1VHcWZQTGt0ZFJVcldVN2ZuWUlneUd2anNfeFhBMnlLYnNTWnJRWWhibW5F?oc=5\" target=\"_blank\" rel=\"nofollow noopener\">V\u00c4GEV! Endine N\u00f5mme Kalju r\u00fcndaja Promise David liitus Inglismaa tippklubiga<\/a>&nbsp;&nbsp;Postimees Sport<\/li>\n<li><a href=\"https:\/\/news.google.com\/rss\/articles\/CBMiqAFBVV95cUxOMXRkTngzVDB3TXBPQ05wQ3pIcXRrd3RSUDlHaTd6ZFp5T3BkRkpnVG9MbVlpcWlWNHR2aktOQk9VVkRmZGo4Q0lPYWZNWlZKeDE5VDV4NXR6ckVOVVNwckQ5YUlKX2FPU0FlV0NZVVFhTUZMRk5tYlV3enF3bjZjUE1DRjBNa3pMekhkZjI3T0VudnhfbGVuNHhLOU1SbjVHbmhEYS1qUEs?oc=5\" target=\"_blank\" rel=\"nofollow noopener\">V\u00e4gev! Promise David liitub Inglismaa k\u00f5rgliigaklubi Brightoniga<\/a>&nbsp;&nbsp;Delfi Sport<\/li>\n<li><a href=\"https:\/\/news.google.com\/rss\/articles\/CBMiigFBVV95cUxQNVUwQ1ZGWUYzU0hRYVVHZTZrVDNsVmJic1Z6a2huRVQ1Q3phdkVwNVV4QWtRM3RHT0NrSkZoay1VV2hwWm9ESlhDZjYtNjU3eW1FYmdXcDQ1b2FLd2IyUnI3VXZzQmdCSWtyaTd1UEY1bllLcWlOTG1rT294MDIzVV9qbFllXzlYanc?oc=5\" target=\"_blank\" rel=\"nofollow noopener\">Ametlik: Promise David liitus Premier League&#8217;i klubiga!<\/a>&nbsp;&nbsp;Soccernet.ee<\/li>\n<li><a href=\"https:\/\/news.google.com\/rss\/articles\/CBMipgFBVV95cUxNTXRwZDVqSnNISkdBMUxfdWtBci1udEUyRUFrWUNPRTNLc1RCU19KTV9zbHA0azZ5T3FDOWpNZUhId2FzUFRDM3QtclZjUlM2dEdKQUJJeVo0SjVBR1VNbEpHRHB6aHp4NVNIX01VMlBHWjFhU2Z3VjZkWmdSVlFyN3p0czRwUUZBQ1NkRVdPUDl3UGJWallZYUlILTV6N3BuU3BYSzhB?oc=5\" target=\"_blank\" rel=\"nofollow noopener\">Suur \u00fcleminek terendab? Promise David puudus ootamatult Unioni koosseisust<\/a>&nbsp;&nbsp;Soccernet.ee<\/li>\n<\/ol>\n","protected":false},"excerpt":{"rendered":"V\u00c4GEV! Endine N\u00f5mme Kalju r\u00fcndaja Promise David liitus Inglismaa tippklubiga&nbsp;&nbsp;Postimees Sport V\u00e4gev! Promise David liitub Inglismaa k\u00f5rgliigaklubi Brightoniga&nbsp;&nbsp;Delfi&hellip;\n","protected":false},"author":2,"featured_media":255525,"comment_status":"","ping_status":"","sticky":false,"template":"","format":"standard","meta":{"footnotes":"","_share_on_mastodon":"0"},"categories":[18],"tags":[17098,37,33,35,34,36,1359,808,6565,159,158],"class_list":["post-255524","post","type-post","status-publish","format-standard","has-post-thumbnail","category-sport","tag-brighton-hove-albion","tag-ee","tag-eesti","tag-eesti-keel","tag-estonia","tag-estonian","tag-nomme-kalju","tag-premier-league","tag-promise-david","tag-sport","tag-sports"],"share_on_mastodon":{"url":"https:\/\/pubeurope.com\/@ee\/117120522275270759","error":""},"_links":{"self":[{"href":"https:\/\/www.europesays.com\/ee\/wp-json\/wp\/v2\/posts\/255524","targetHints":{"allow":["GET"]}}],"collection":[{"href":"https:\/\/www.europesays.com\/ee\/wp-json\/wp\/v2\/posts"}],"about":[{"href":"https:\/\/www.europesays.com\/ee\/wp-json\/wp\/v2\/types\/post"}],"author":[{"embeddable":true,"href":"https:\/\/www.europesays.com\/ee\/wp-json\/wp\/v2\/users\/2"}],"replies":[{"embeddable":true,"href":"https:\/\/www.europesays.com\/ee\/wp-json\/wp\/v2\/comments?post=255524"}],"version-history":[{"count":0,"href":"https:\/\/www.europesays.com\/ee\/wp-json\/wp\/v2\/posts\/255524\/revisions"}],"wp:featuredmedia":[{"embeddable":true,"href":"https:\/\/www.europesays.com\/ee\/wp-json\/wp\/v2\/media\/255525"}],"wp:attachment":[{"href":"https:\/\/www.europesays.com\/ee\/wp-json\/wp\/v2\/media?parent=255524"}],"wp:term":[{"taxonomy":"category","embeddable":true,"href":"https:\/\/www.europesays.com\/ee\/wp-json\/wp\/v2\/categories?post=255524"},{"taxonomy":"post_tag","embeddable":true,"href":"https:\/\/www.europesays.com\/ee\/wp-json\/wp\/v2\/tags?post=255524"}],"curies":[{"name":"wp","href":"https:\/\/api.w.org\/{rel}","templated":true}]}}