{"id":255552,"date":"2026-08-19T06:00:07","date_gmt":"2026-08-19T06:00:07","guid":{"rendered":"https:\/\/www.europesays.com\/ee\/255552\/"},"modified":"2026-08-19T06:00:07","modified_gmt":"2026-08-19T06:00:07","slug":"ukraina-palub-fia-l-venelaste-osalemise-otsus-ule-vaadata-autosport","status":"publish","type":"post","link":"https:\/\/www.europesays.com\/ee\/255552\/","title":{"rendered":"Ukraina palub FIA-l venelaste osalemise otsus \u00fcle vaadata | Autosport"},"content":{"rendered":"<p>Rahvusvaheline autoliit (FIA) t\u00fchistas eelmisel n\u00e4dalal keelu, mis lubas Venemaa ja Valgevene v\u00f5istlejatel taas v\u00f5istelda oma riigi lipu all ja h\u00fcmni saatel. Ukraina kutsub \u00fcles organisatsiooni aga otsust uuesti \u00fcle vaatama.<\/p>\n<p>BBC teatel saatis Ukraina noorsoo- ja spordiminister Matvi Bidn\u00f5i FIA presidendile Mohammed Ben Sulayemile kirja, milles palus organisatsioonil piirangute t\u00fchistamise otsus \u00fcle vaadata.<\/p>\n<p>FIA pressiesindaja \u00fctles teisip\u00e4eval, et n\u00f5udeid Venemaa ja Valgevene s\u00f5itjatele, meeskondadele ja ametnikele on ajakohastatud p\u00e4rast FIA maailma autospordin\u00f5ukogu h\u00e4\u00e4letust.<\/p>\n<p>&#8220;See samm j\u00e4rgneb ROK-i 7. juuli teadaandele ja sarnastele muudatustele, mida on teinud teised rahvusvahelised spordialaliidud,&#8221; s\u00f5nas pressiesindaja.<\/p>\n<p>&#8220;FIA s\u00e4ilitab keelu korraldada \u00fcritusi ja v\u00f5istlusi Venemaal ja Valgevenes. FIA j\u00e4tkab olukorra t\u00e4helepanelikku j\u00e4lgimist Ukrainas ja j\u00e4tab endale \u00f5iguse oma seisukohta tulevikus muuta.&#8221;<\/p>\n<p>Viimane Venemaa s\u00f5itja Vormel-1 sarjas oli Nikita Mazepin, kelle lepingu USA-le kuuluva Haasi meeskonnaga l\u00f5petati 2022. aastal. Sellest ajast peale on ta v\u00f5istelnud L\u00e4his-Idas neutraalse lipu all.<\/p>\n<p>FIA, mis haldab Vormel-1, F2, F3, Vormel-E ja autoralli maailmameistriv\u00f5istlusi ning muid rahvusvahelisi sarju, sai ROK-ilt t\u00e4ieliku tunnustuse 2013. aastal.<\/p>\n<p>Venemaa autoliidu (RAF) president Boriss Rotenberg nimetas FIA otsuse avaldamise p\u00e4eva oluliseks p\u00e4evaks Venemaa autospordile.<\/p>\n<p>&#8220;Sport ja kultuur peaksid olema poliitikast v\u00e4ljaspool \u2013 just need \u00fchendavad rahvaid. \u00d5iglus on v\u00f5idutsenud. Oleme t\u00e4nulikud FIA-le konstruktiivse dialoogi eest ja oleme valmis \u00fchiselt lahendama k\u00f5ik pakilised k\u00fcsimused,&#8221; \u00fctles ta.\u00a0<\/p>\n","protected":false},"excerpt":{"rendered":"Rahvusvaheline autoliit (FIA) t\u00fchistas eelmisel n\u00e4dalal keelu, mis lubas Venemaa ja Valgevene v\u00f5istlejatel taas v\u00f5istelda oma riigi lipu&hellip;\n","protected":false},"author":2,"featured_media":255553,"comment_status":"","ping_status":"","sticky":false,"template":"","format":"standard","meta":{"footnotes":"","_share_on_mastodon":"0"},"categories":[18],"tags":[37,33,35,34,36,3306,159,158],"class_list":["post-255552","post","type-post","status-publish","format-standard","has-post-thumbnail","category-sport","tag-ee","tag-eesti","tag-eesti-keel","tag-estonia","tag-estonian","tag-fia","tag-sport","tag-sports"],"share_on_mastodon":{"url":"https:\/\/pubeurope.com\/@ee\/117120652024502016","error":""},"_links":{"self":[{"href":"https:\/\/www.europesays.com\/ee\/wp-json\/wp\/v2\/posts\/255552","targetHints":{"allow":["GET"]}}],"collection":[{"href":"https:\/\/www.europesays.com\/ee\/wp-json\/wp\/v2\/posts"}],"about":[{"href":"https:\/\/www.europesays.com\/ee\/wp-json\/wp\/v2\/types\/post"}],"author":[{"embeddable":true,"href":"https:\/\/www.europesays.com\/ee\/wp-json\/wp\/v2\/users\/2"}],"replies":[{"embeddable":true,"href":"https:\/\/www.europesays.com\/ee\/wp-json\/wp\/v2\/comments?post=255552"}],"version-history":[{"count":0,"href":"https:\/\/www.europesays.com\/ee\/wp-json\/wp\/v2\/posts\/255552\/revisions"}],"wp:featuredmedia":[{"embeddable":true,"href":"https:\/\/www.europesays.com\/ee\/wp-json\/wp\/v2\/media\/255553"}],"wp:attachment":[{"href":"https:\/\/www.europesays.com\/ee\/wp-json\/wp\/v2\/media?parent=255552"}],"wp:term":[{"taxonomy":"category","embeddable":true,"href":"https:\/\/www.europesays.com\/ee\/wp-json\/wp\/v2\/categories?post=255552"},{"taxonomy":"post_tag","embeddable":true,"href":"https:\/\/www.europesays.com\/ee\/wp-json\/wp\/v2\/tags?post=255552"}],"curies":[{"name":"wp","href":"https:\/\/api.w.org\/{rel}","templated":true}]}}