{"id":255570,"date":"2026-08-19T06:23:09","date_gmt":"2026-08-19T06:23:09","guid":{"rendered":"https:\/\/www.europesays.com\/ee\/255570\/"},"modified":"2026-08-19T06:23:09","modified_gmt":"2026-08-19T06:23:09","slug":"foto-ida-virumaal-uinutati-kaks-asulasse-tunginud-karu","status":"publish","type":"post","link":"https:\/\/www.europesays.com\/ee\/255570\/","title":{"rendered":"FOTO | Ida-Virumaal uinutati kaks asulasse tunginud karu"},"content":{"rendered":"<p class=\"x_MsoNormal\">\u201eKorduvalt inimasulatesse tulnud karupoegi oleme koost\u00f6\u00f6s P\u00e4\u00e4steametiga eilsega kokku metsa viinud juba neljal korral. Kaks karupoega viidi Tartumaalt lausa Ida-Virumaale, seda lootuses, et sealsed suured metsad v\u00f5imaldavad karudele nii sobivat elupaika kui toidulauda \u2013 ometigi p\u00f6\u00f6rdusid nad eile Kuningak\u00fclas taas asulasse tagasi,\u201c selgitas T\u00fcrna.<\/p>\n<p class=\"x_MsoNormal\">Esialgu oli samas pesakonnas neli karu, n\u00fc\u00fcdseks on j\u00e4\u00e4nud inimeste l\u00e4histelt toitu otsima neist kaks. \u201eEsimeste kinnip\u00fc\u00fcdmiste k\u00e4igus said k\u00f5ik neli endale ka k\u00f5rvam\u00e4rgised, seet\u00f5ttu teame, et tegu on samade noorte loomadega. Kuningak\u00fclas liikunud karud jooksid saekaatri lattu, kohalikud inimesed sulgesid ukse, koost\u00f6\u00f6s veterinaariga \u00f5nnestus piiratud alal 25-kilogrammised loomad seal ka uinutada ning taas metsa toimetada,\u201c lausus T\u00fcrna.<\/p>\n<p class=\"x_MsoNormal\">Karupoegade k\u00e4itumine viitab sellele, et inimene on neid loomi toitnud, mist\u00f5ttu on nad kaotanud loomuomase inimpelglikkuse. <\/p>\n<p class=\"x_MsoNormal\">T\u00fcrna lisas, et selles vanuses karud peaksid inimest pelgama ja iseseisvalt loodusest toitu otsima, mitte tulema korduvalt ise asulatesse tagasi. \u201ePalume metsloomi mitte toita, see rikub nende loomulikku k\u00e4itumist ja v\u00f5imet iseseisvalt hakkama saada. Arvestama peab, et praegu kasvult v\u00e4ikesed karud on j\u00e4rgmisel aastal juba suured ning inimese l\u00e4hedust otsides v\u00f5ivad endast kujutada v\u00e4ga t\u00f5sist ohtu.\u201c<\/p>\n<p class=\"x_MsoNormal\">Karu v\u00f5i m\u00f5ne muu suurkiskja n\u00e4gemisest asulas palume teada anda Riigiinfo telefonile 1247. Sealt saab esmast n\u00f5u ja vajadusel edastatakse teade Keskkonnaametile. Kui loom ohustab vahetult inimesi v\u00f5i liiklust, tuleb helistada h\u00e4daabinumbril 112.<\/p>\n<p class=\"x_MsoNormal\">Kliimaministeerium muutis aprillis jahieeskirja ning alates k\u00e4esolevast aastast tohib karu k\u00fcttida vaid Keskkonnaameti eriloal. Keskkonnaamet on praeguseks \u00fcle riigi andnud 13 eriluba karude k\u00fcttimiseks. T\u00e4nase, 19. augusti seisuga on erilubade alusel \u00e4ra k\u00fctid kaks karu \u2013 \u00fcks Harju- ja teine P\u00f5lvamaal.<\/p>\n<p>Kuidas see lugu Sind end tundma pani?Saada<a href=\"https:\/\/maaleht.delfi.ee\/artikkel\/120604694\/foto-ida-virumaal-uinutati-kaks-asulasse-tunginud-karu\/kommentaarid\" class=\"button button--primary button--size-auto article-body-bottom__comment article-body-bottom__comment--write\" style=\"\" rel=\"nofollow noopener\" target=\"_blank\">Kommenteeri<\/a><a href=\"https:\/\/maaleht.delfi.ee\/artikkel\/120604694\/foto-ida-virumaal-uinutati-kaks-asulasse-tunginud-karu\/kommentaarid\" class=\"button button--size-auto article-body-bottom__comment article-body-bottom__comment--read\" style=\"\" rel=\"nofollow noopener\" target=\"_blank\">Loe kommentaare (1)<\/a><\/p>\n","protected":false},"excerpt":{"rendered":"\u201eKorduvalt inimasulatesse tulnud karupoegi oleme koost\u00f6\u00f6s P\u00e4\u00e4steametiga eilsega kokku metsa viinud juba neljal korral. Kaks karupoega viidi Tartumaalt&hellip;\n","protected":false},"author":2,"featured_media":255571,"comment_status":"","ping_status":"","sticky":false,"template":"","format":"standard","meta":{"footnotes":"","_share_on_mastodon":"0"},"categories":[14],"tags":[131,130,37,33,35,34,36,2522,9671,1452,28861],"class_list":["post-255570","post","type-post","status-publish","format-standard","has-post-thumbnail","category-ari","tag-ari","tag-business","tag-ee","tag-eesti","tag-eesti-keel","tag-estonia","tag-estonian","tag-ida-virumaa","tag-karud","tag-keskkonnaamet","tag-suurkiskjad"],"share_on_mastodon":{"url":"https:\/\/pubeurope.com\/@ee\/117120742400654045","error":""},"_links":{"self":[{"href":"https:\/\/www.europesays.com\/ee\/wp-json\/wp\/v2\/posts\/255570","targetHints":{"allow":["GET"]}}],"collection":[{"href":"https:\/\/www.europesays.com\/ee\/wp-json\/wp\/v2\/posts"}],"about":[{"href":"https:\/\/www.europesays.com\/ee\/wp-json\/wp\/v2\/types\/post"}],"author":[{"embeddable":true,"href":"https:\/\/www.europesays.com\/ee\/wp-json\/wp\/v2\/users\/2"}],"replies":[{"embeddable":true,"href":"https:\/\/www.europesays.com\/ee\/wp-json\/wp\/v2\/comments?post=255570"}],"version-history":[{"count":0,"href":"https:\/\/www.europesays.com\/ee\/wp-json\/wp\/v2\/posts\/255570\/revisions"}],"wp:featuredmedia":[{"embeddable":true,"href":"https:\/\/www.europesays.com\/ee\/wp-json\/wp\/v2\/media\/255571"}],"wp:attachment":[{"href":"https:\/\/www.europesays.com\/ee\/wp-json\/wp\/v2\/media?parent=255570"}],"wp:term":[{"taxonomy":"category","embeddable":true,"href":"https:\/\/www.europesays.com\/ee\/wp-json\/wp\/v2\/categories?post=255570"},{"taxonomy":"post_tag","embeddable":true,"href":"https:\/\/www.europesays.com\/ee\/wp-json\/wp\/v2\/tags?post=255570"}],"curies":[{"name":"wp","href":"https:\/\/api.w.org\/{rel}","templated":true}]}}