{"id":255670,"date":"2026-08-19T08:15:11","date_gmt":"2026-08-19T08:15:11","guid":{"rendered":"https:\/\/www.europesays.com\/ee\/255670\/"},"modified":"2026-08-19T08:15:11","modified_gmt":"2026-08-19T08:15:11","slug":"isamaa-liberaalne-presidendikandidaat-tekitab-ekres-pahameelt","status":"publish","type":"post","link":"https:\/\/www.europesays.com\/ee\/255670\/","title":{"rendered":"Isamaa liberaalne presidendikandidaat tekitab EKREs pahameelt"},"content":{"rendered":"<p class=\"text-muted-foreground text-[15px] leading-relaxed\">EKRE esimees Martin Helme v\u00e4ljendas teravat kriitikat Isamaa otsuse \u00fcle toetada liberaalset presidendikandidaati, n\u00e4hes selles ohtlikku m\u00e4rki tulevaste koalitsioonide moodustamisel ja konservatiivse leeri isoleerimisel.<\/p>\n<p><a class=\"border-border\/60 hover:border-foreground\/30 focus-visible:ring-foreground\/30 mt-3 flex items-center justify-between gap-3 border px-3 py-2 font-mono text-[10px] font-medium uppercase tracking-wide transition-colors duration-150 focus-visible:outline-none focus-visible:ring-2\" data-sentry-element=\"Link\" data-sentry-component=\"StoryCirculationTeaser\" data-sentry-source-file=\"StoryCirculation.tsx\" href=\"https:\/\/shortl.ee\/et\/estonia\" rel=\"nofollow noopener\" target=\"_blank\">T\u00c4NA \u00b7 4 LUGUVaata \u00fcle<\/a><\/p>\n<ul class=\"space-y-3 text-[15px] leading-relaxed\">\n<li class=\"flex gap-3\">\u2014EKRE esimees Martin Helme v\u00e4ljendas pettumust, et Isamaa otsustas toetada liberaalset presidendikandidaati konservatiivse asemel, v\u00e4ites, et konservatiivne leer tunneb end isoleerituna.<\/li>\n<li class=\"flex gap-3\">\u2014Riigikogu saadik Z\u00fcleyxa Izmailova m\u00e4rkis, et tal on presidendikandidaat \u00dclle Madise toetuseks piisavalt allkirju ja ta ei n\u00e4e vajadust oma allkirja lisada, hoolimata varasemast kriitikast Madise suhtes.<\/li>\n<li class=\"flex gap-3\">\u2014Isamaa otsust toetada liberaalset kandidaati peab Martin Helme murettekitavaks signaaliks tulevaste koalitsioonide moodustamisel, t\u00f5mmates paralleele varasema valitsuskoalitsiooni otsusega.<\/li>\n<li class=\"flex gap-3\">\u2014EKRE kavatseb esitada Mart Helme oma presidendikandidaadiks, kui valimised j\u00f5uavad valijameeste kogusse, ja otsib toetust konservatiivselt meelestatud erakondadelt.<\/li>\n<\/ul>\n","protected":false},"excerpt":{"rendered":"EKRE esimees Martin Helme v\u00e4ljendas teravat kriitikat Isamaa otsuse \u00fcle toetada liberaalset presidendikandidaati, n\u00e4hes selles ohtlikku m\u00e4rki tulevaste&hellip;\n","protected":false},"author":2,"featured_media":255671,"comment_status":"","ping_status":"","sticky":false,"template":"","format":"standard","meta":{"footnotes":"","_share_on_mastodon":"0"},"categories":[12],"tags":[26,27,37,33,35,10128,729,34,36,31,32,21,731,99921,10011,28,29,15735,645,725,19,25,18841,23,24,22,20,30,8637],"class_list":["post-255670","post","type-post","status-publish","format-standard","has-post-thumbnail","category-eesti","tag-breaking-news","tag-breakingnews","tag-ee","tag-eesti","tag-eesti-keel","tag-eesti-poliitika","tag-ekre","tag-estonia","tag-estonian","tag-featured-news","tag-featurednews","tag-headlines","tag-isamaa","tag-koalitsioonid","tag-konservatiivid","tag-latest-news","tag-latestnews","tag-liberaalid","tag-mart-helme","tag-martin-helme","tag-news","tag-populaarseimad-lood","tag-presidendivalimised","tag-top-stories","tag-topstories","tag-uldised-uudised","tag-uudised","tag-viimased-uudised","tag-zuleyxa-izmailova"],"share_on_mastodon":{"url":"https:\/\/pubeurope.com\/@ee\/117121183075668282","error":""},"_links":{"self":[{"href":"https:\/\/www.europesays.com\/ee\/wp-json\/wp\/v2\/posts\/255670","targetHints":{"allow":["GET"]}}],"collection":[{"href":"https:\/\/www.europesays.com\/ee\/wp-json\/wp\/v2\/posts"}],"about":[{"href":"https:\/\/www.europesays.com\/ee\/wp-json\/wp\/v2\/types\/post"}],"author":[{"embeddable":true,"href":"https:\/\/www.europesays.com\/ee\/wp-json\/wp\/v2\/users\/2"}],"replies":[{"embeddable":true,"href":"https:\/\/www.europesays.com\/ee\/wp-json\/wp\/v2\/comments?post=255670"}],"version-history":[{"count":0,"href":"https:\/\/www.europesays.com\/ee\/wp-json\/wp\/v2\/posts\/255670\/revisions"}],"wp:featuredmedia":[{"embeddable":true,"href":"https:\/\/www.europesays.com\/ee\/wp-json\/wp\/v2\/media\/255671"}],"wp:attachment":[{"href":"https:\/\/www.europesays.com\/ee\/wp-json\/wp\/v2\/media?parent=255670"}],"wp:term":[{"taxonomy":"category","embeddable":true,"href":"https:\/\/www.europesays.com\/ee\/wp-json\/wp\/v2\/categories?post=255670"},{"taxonomy":"post_tag","embeddable":true,"href":"https:\/\/www.europesays.com\/ee\/wp-json\/wp\/v2\/tags?post=255670"}],"curies":[{"name":"wp","href":"https:\/\/api.w.org\/{rel}","templated":true}]}}