{"id":255724,"date":"2026-08-19T09:10:12","date_gmt":"2026-08-19T09:10:12","guid":{"rendered":"https:\/\/www.europesays.com\/ee\/255724\/"},"modified":"2026-08-19T09:10:12","modified_gmt":"2026-08-19T09:10:12","slug":"ajalugu-%e2%9f%a9-seitse-parnumaalast-toetas-toompeal-ajaloolist-otsust","status":"publish","type":"post","link":"https:\/\/www.europesays.com\/ee\/255724\/","title":{"rendered":"AJALUGU \u27e9 Seitse p\u00e4rnumaalast toetas Toompeal ajaloolist otsust"},"content":{"rendered":"<p><img decoding=\"async\" class=\"figure__image\" onclick=\"triggerEvent('articleImageClick', { id: 17842571, focus: 'single-image', focusIndex: '17842571' })\" onkeydown=\"if (event.key === 'Enter') {&#10;        triggerEvent('articleImageClick', { id: 17842571, focus: 'single-image', focusIndex: '17842571' })&#10;        }\" role=\"button\" tabindex=\"0\" data-focus-from=\"single-image\" data-focus-index=\"17842571\" src=\"https:\/\/www.europesays.com\/ee\/wp-content\/uploads\/2026\/08\/17842571t1h8509.jpg\"  onload=\"this.parentElement.classList.remove('figure__image-loading')\" alt=\"Eesti Vabariigi riikliku iseseisvuse taastamise poolt h\u00e4\u00e4letanud p\u00e4rnulane Johannes Kass.\"\/>Eesti Vabariigi riikliku iseseisvuse taastamise poolt h\u00e4\u00e4letanud p\u00e4rnulane Johannes Kass. Foto: Urmas Luik<\/p>\n<p>Toompea saalis algas \u00fclemn\u00f5ukogu (\u00dcN) 46. istungj\u00e4rgu kolmas istung 20. augustil 1991 kuuest \u00f5htul. J\u00e4tkus aktsiisimaksu seaduse eeln\u00f5u teine lugemine, sotsiaalmaksu seaduse muudatusi arutati esimesel lugemisel. Istungi vaheaja j\u00e4rel tegi \u00dcNi esimees Arnold R\u00fc\u00fctel ettepaneku t\u00e4iendada p\u00e4evakorda otsuse eeln\u00f5uga Eesti riikliku iseseisvuse ja poliitilise staatuse kohta. Eeln\u00f5u v\u00f5eti istungi p\u00e4evakorda 66 poolt- ja seitsme vastuh\u00e4\u00e4lega, \u00fcks osaleja j\u00e4i erapooletuks.<\/p>\n<p>Ettekande tegi \u00dcNi asejuhataja Marju Lauristin, istungit juhatas \u00dclo Nugis.<\/p>\n<p>Kell 23.02 pandi h\u00e4\u00e4letusele Eesti Vabariigi \u00fclemn\u00f5ukogu otsus Eesti riikliku iseseisvuse kohta. Kell 23.03 h\u00e4\u00e4letas ajaloolise otsuse poolt 69 rahvaesindajat, vastaseid ega erapooletuid ei olnud.<\/p>\n<p>\u00dcNi 105 liikme hulgas oli 35 aastat tagasi \u00fcheksa P\u00e4rnu linna ja maakonna esindajat, kellest seitse osales ajaloolisel istungil ja h\u00e4\u00e4letas otsuse poolt.<\/p>\n<p>Patarei vanglas s\u00fcndinud Johannes Kass t\u00f5stis kindlalt k\u00e4e<\/p>\n","protected":false},"excerpt":{"rendered":"Eesti Vabariigi riikliku iseseisvuse taastamise poolt h\u00e4\u00e4letanud p\u00e4rnulane Johannes Kass. Foto: Urmas Luik Toompea saalis algas \u00fclemn\u00f5ukogu (\u00dcN)&hellip;\n","protected":false},"author":2,"featured_media":255725,"comment_status":"","ping_status":"","sticky":false,"template":"","format":"standard","meta":{"footnotes":"","_share_on_mastodon":"0"},"categories":[12],"tags":[346,345,342,26,27,37,33,35,34,36,31,32,21,344,360,343,339,28,29,349,19,341,354,357,351,352,355,356,348,336,350,337,353,25,159,338,340,347,23,24,358,22,359,20,30],"class_list":["post-255724","post","type-post","status-publish","format-standard","has-post-thumbnail","category-eesti","tag-ajakirjaniku-kontakt","tag-ajalehe-tellimine","tag-arhiiv","tag-breaking-news","tag-breakingnews","tag-ee","tag-eesti","tag-eesti-keel","tag-estonia","tag-estonian","tag-featured-news","tag-featurednews","tag-headlines","tag-kaastundeavaldus","tag-kesklinna-sild","tag-kuulutuse-lisamine","tag-kuulutused","tag-latest-news","tag-latestnews","tag-liiklusonnetus","tag-news","tag-paberleht","tag-parnu-haigla","tag-parnu-jahtklubi","tag-parnu-linn","tag-parnu-maakohus","tag-parnu-rand","tag-parnu-sadam","tag-parnu-uritused","tag-parnu-uudised","tag-parnumaa","tag-parnumaa-uudised","tag-politsei","tag-populaarseimad-lood","tag-sport","tag-suvepealinn","tag-tellimine","tag-toimetuse-kontakt","tag-top-stories","tag-topstories","tag-tulekahju","tag-uldised-uudised","tag-urituste-kava","tag-uudised","tag-viimased-uudised"],"share_on_mastodon":{"url":"","error":"Validation failed: Text character limit of 500 exceeded"},"_links":{"self":[{"href":"https:\/\/www.europesays.com\/ee\/wp-json\/wp\/v2\/posts\/255724","targetHints":{"allow":["GET"]}}],"collection":[{"href":"https:\/\/www.europesays.com\/ee\/wp-json\/wp\/v2\/posts"}],"about":[{"href":"https:\/\/www.europesays.com\/ee\/wp-json\/wp\/v2\/types\/post"}],"author":[{"embeddable":true,"href":"https:\/\/www.europesays.com\/ee\/wp-json\/wp\/v2\/users\/2"}],"replies":[{"embeddable":true,"href":"https:\/\/www.europesays.com\/ee\/wp-json\/wp\/v2\/comments?post=255724"}],"version-history":[{"count":0,"href":"https:\/\/www.europesays.com\/ee\/wp-json\/wp\/v2\/posts\/255724\/revisions"}],"wp:featuredmedia":[{"embeddable":true,"href":"https:\/\/www.europesays.com\/ee\/wp-json\/wp\/v2\/media\/255725"}],"wp:attachment":[{"href":"https:\/\/www.europesays.com\/ee\/wp-json\/wp\/v2\/media?parent=255724"}],"wp:term":[{"taxonomy":"category","embeddable":true,"href":"https:\/\/www.europesays.com\/ee\/wp-json\/wp\/v2\/categories?post=255724"},{"taxonomy":"post_tag","embeddable":true,"href":"https:\/\/www.europesays.com\/ee\/wp-json\/wp\/v2\/tags?post=255724"}],"curies":[{"name":"wp","href":"https:\/\/api.w.org\/{rel}","templated":true}]}}