{"id":255734,"date":"2026-08-19T09:20:12","date_gmt":"2026-08-19T09:20:12","guid":{"rendered":"https:\/\/www.europesays.com\/ee\/255734\/"},"modified":"2026-08-19T09:20:12","modified_gmt":"2026-08-19T09:20:12","slug":"poola-pealinnas-leiti-surnuna-vene-opositsioonitegelane","status":"publish","type":"post","link":"https:\/\/www.europesays.com\/ee\/255734\/","title":{"rendered":"Poola pealinnas leiti surnuna Vene opositsioonitegelane"},"content":{"rendered":"<p>Prokuratuuri esindaja s\u00f5nul ei ole esialgsetel andmetel Vlasenko surmaga seotud teisi inimesi. Politsei viis l\u00e4bi korteris l\u00e4biotsimise, laip viidi lahkamisele ning samuti viiakse l\u00e4bi toksioloogilised uuringud. Korterist leiti ka Vlasenko haiguslood. <\/p>\n<p class=\"Paragraph SCXW212056748 BCX2\">Laiba leidis Vlasenko naaber, kes on samuti Rahvasaadikute Kongressi liige. <\/p>\n<p class=\"Paragraph SCXW212056748 BCX2\">Vlasenko l\u00e4hikondlaste arvates v\u00f5is tegemist olla m\u00f5rvaga. Kuna Vlasenko leiti peahaavaga, kahtlustab \u00fcks Rahvasaadikute Kongressi juhtfiguure, endine Riigiduuma aseesimees Ilja Ponoramev, et tegu v\u00f5ib olla m\u00f5rvaga. Samas r\u00f5hutasid Vlasenko l\u00e4hikondlased, et ootavad siiski \u00e4ra politseijuurdluse tulemused. <\/p>\n<p class=\"Paragraph SCXW212056748 BCX2\">Ponoramevi s\u00f5nul osalses Vlasenko t\u00e4iemahulise Ukraina s\u00f5ja alguses L\u00f5una-Venemaal \u201eotsese tegevuse aktsioonides\u201c ning p\u00f5genes seej\u00e4rel Venemaalt ja sai as\u00fc\u00fcli <a rel=\"noopener nofollow\" target=\"_blank\" href=\"https:\/\/www.delfi.ee\/teema\/23754953\/poola\" tag-id=\"23754953\">Poolas<\/a>. Ponaramevi s\u00f5nul soovis Vlasenko Ukraina relvaj\u00f5udude koosseisus minna s\u00f5dima Venemaa vastu. <\/p>\n<p class=\"Paragraph SCXW212056748 BCX2\">Rahvasaadikute Kongress on liikumine, mis \u00fchendab endisi Venemaa ametnike, kes on vastu Ukraina s\u00f5jale ja Putini re\u017eiimile. 2023. aastal kuulutas Venemaa peaprokuratuur liikumise terroristlikuks. <\/p>\n<p>Kuidas see lugu Sind end tundma pani?Saada<a href=\"https:\/\/www.delfi.ee\/artikkel\/120604762\/poola-pealinnas-leiti-surnuna-vene-opositsioonitegelane\/kommentaarid\" class=\"button button--primary button--size-auto article-body-bottom__comment article-body-bottom__comment--write\" style=\"\" rel=\"nofollow noopener\" target=\"_blank\">Kommenteeri<\/a><a href=\"https:\/\/www.delfi.ee\/artikkel\/120604762\/poola-pealinnas-leiti-surnuna-vene-opositsioonitegelane\/kommentaarid\" class=\"button button--size-auto article-body-bottom__comment article-body-bottom__comment--read\" style=\"\" rel=\"nofollow noopener\" target=\"_blank\">Loe kommentaare (1)<\/a><\/p>\n","protected":false},"excerpt":{"rendered":"Prokuratuuri esindaja s\u00f5nul ei ole esialgsetel andmetel Vlasenko surmaga seotud teisi inimesi. Politsei viis l\u00e4bi korteris l\u00e4biotsimise, laip&hellip;\n","protected":false},"author":2,"featured_media":255735,"comment_status":"","ping_status":"","sticky":false,"template":"","format":"standard","meta":{"footnotes":"","_share_on_mastodon":"0"},"categories":[80],"tags":[26,27,37,33,35,34,36,31,32,21,28,29,95,19,111,25,23,24,22,20,4199,30,92,93,94],"class_list":["post-255734","post","type-post","status-publish","format-standard","has-post-thumbnail","category-maailm","tag-breaking-news","tag-breakingnews","tag-ee","tag-eesti","tag-eesti-keel","tag-estonia","tag-estonian","tag-featured-news","tag-featurednews","tag-headlines","tag-latest-news","tag-latestnews","tag-maailm","tag-news","tag-poola","tag-populaarseimad-lood","tag-top-stories","tag-topstories","tag-uldised-uudised","tag-uudised","tag-varssavi","tag-viimased-uudised","tag-world","tag-world-news","tag-worldnews"],"share_on_mastodon":{"url":"https:\/\/pubeurope.com\/@ee\/117121439098727842","error":""},"_links":{"self":[{"href":"https:\/\/www.europesays.com\/ee\/wp-json\/wp\/v2\/posts\/255734","targetHints":{"allow":["GET"]}}],"collection":[{"href":"https:\/\/www.europesays.com\/ee\/wp-json\/wp\/v2\/posts"}],"about":[{"href":"https:\/\/www.europesays.com\/ee\/wp-json\/wp\/v2\/types\/post"}],"author":[{"embeddable":true,"href":"https:\/\/www.europesays.com\/ee\/wp-json\/wp\/v2\/users\/2"}],"replies":[{"embeddable":true,"href":"https:\/\/www.europesays.com\/ee\/wp-json\/wp\/v2\/comments?post=255734"}],"version-history":[{"count":0,"href":"https:\/\/www.europesays.com\/ee\/wp-json\/wp\/v2\/posts\/255734\/revisions"}],"wp:featuredmedia":[{"embeddable":true,"href":"https:\/\/www.europesays.com\/ee\/wp-json\/wp\/v2\/media\/255735"}],"wp:attachment":[{"href":"https:\/\/www.europesays.com\/ee\/wp-json\/wp\/v2\/media?parent=255734"}],"wp:term":[{"taxonomy":"category","embeddable":true,"href":"https:\/\/www.europesays.com\/ee\/wp-json\/wp\/v2\/categories?post=255734"},{"taxonomy":"post_tag","embeddable":true,"href":"https:\/\/www.europesays.com\/ee\/wp-json\/wp\/v2\/tags?post=255734"}],"curies":[{"name":"wp","href":"https:\/\/api.w.org\/{rel}","templated":true}]}}