{"id":255740,"date":"2026-08-19T09:29:08","date_gmt":"2026-08-19T09:29:08","guid":{"rendered":"https:\/\/www.europesays.com\/ee\/255740\/"},"modified":"2026-08-19T09:29:08","modified_gmt":"2026-08-19T09:29:08","slug":"ukraina-soovib-et-fia-venelaste-tagasi-lubamise-ule-vaataks-paljud-meie-voistlejad-on-hukkunud","status":"publish","type":"post","link":"https:\/\/www.europesays.com\/ee\/255740\/","title":{"rendered":"Ukraina soovib, et FIA venelaste tagasi lubamise \u00fcle vaataks: paljud meie v\u00f5istlejad on hukkunud"},"content":{"rendered":"<p>Eelmisel n\u00e4dalal teatas FIA, et t\u00fchistab alates 2022. aasta veebruarist kehtinud osalemiskeelu agressorriikide s\u00f5itjatele ja meeskondadele. BBC allikate kohaselt langetati sanktsioonidest loobumise otsus just FIA presidendi Mohammed Ben Sulayemi eestvedamisel.<\/p>\n<p>Ukraina autospordiliidu teatel tuli FIA samm neile t\u00e4ieliku \u00fcllatusena. Ukraina noorte- ja spordiminister saatis Ben Sulayemile ning n\u00f5ukogule ametliku kirja, milles n\u00f5utakse otsuse kiiret \u00fcmbervaatamist.<\/p>\n<p>\u201eKuigi see samm on koosk\u00f5las Rahvusvahelise Ol\u00fcmpiakomitee (<a rel=\"noopener nofollow\" target=\"_blank\" href=\"https:\/\/www.delfi.ee\/teema\/62637694\/rok\" tag-id=\"62637694\">ROK<\/a>) viimaste suunistega, v\u00f5ib see globaalses mootorispordis avaldada vastupidist efekti, kahjustades eelk\u00f5ige v\u00f5istluste ausust ja terviklikkust,\u201c selgitas Ukraina alaliit.<\/p>\n<p>\u201eVenemaa ja Valgevene t\u00e4iemahulise agressiooni tagaj\u00e4rjel on Ukraina motosport kandnud tohutuid kaotusi. Paljud meie v\u00f5istlejad on selles s\u00f5jas hukkunud. S\u00e4\u00e4raseid asjaolusid ei tohi sarnaste otsuste tegemisel lihtsalt eirata.\u201c<\/p>\n<p>FIA kaitses oma otsust v\u00e4itega, et nad viisid lihtsalt oma n\u00f5uded vastavusse ROK-i 7. juuli teadaandega ja teiste spordialaliitude suunistega. Organisatsioon r\u00f5hutas, et Venemaal ja Valgevenes on rahvusvaheliste suurv\u00f5istluste korraldamine endiselt rangelt keelatud.<\/p>\n<p>Venemaa autospordiliidu president Boris Rotenberg, kes kuulub nii USA kui ka Suurbritannia isiklike sanktsioonide nimekirja, tervitas aga otsust suure vaimustusega.<\/p>\n<p>\u201eSport ja kultuur peaksid j\u00e4\u00e4ma poliitikast eraldi. Need \u00fchendavad rahvaid. \u00d5iglus v\u00f5idutses. Oleme FIA-le konstruktiivse dialoogi eest t\u00e4nulikud,\u201c teatas Rotenberg.<\/p>\n<p>Kuidas see lugu Sind end tundma pani?Saada<a href=\"https:\/\/sport.delfi.ee\/artikkel\/120604774\/ukraina-soovib-et-fia-venelaste-tagasi-lubamise-ule-vaataks-paljud-meie-voistlejad-on-hukkunud\/kommentaarid\" class=\"button button--primary button--size-auto article-body-bottom__comment article-body-bottom__comment--write\" style=\"\" rel=\"nofollow noopener\" target=\"_blank\">Kommenteeri<\/a><a href=\"https:\/\/sport.delfi.ee\/artikkel\/120604774\/ukraina-soovib-et-fia-venelaste-tagasi-lubamise-ule-vaataks-paljud-meie-voistlejad-on-hukkunud\/kommentaarid\" class=\"button button--size-auto article-body-bottom__comment article-body-bottom__comment--read\" style=\"\" rel=\"nofollow noopener\" target=\"_blank\">Loe kommentaare <\/a><\/p>\n","protected":false},"excerpt":{"rendered":"Eelmisel n\u00e4dalal teatas FIA, et t\u00fchistab alates 2022. aasta veebruarist kehtinud osalemiskeelu agressorriikide s\u00f5itjatele ja meeskondadele. BBC allikate&hellip;\n","protected":false},"author":2,"featured_media":255741,"comment_status":"","ping_status":"","sticky":false,"template":"","format":"standard","meta":{"footnotes":"","_share_on_mastodon":"0"},"categories":[18],"tags":[37,33,35,34,36,3306,2377,159,158],"class_list":["post-255740","post","type-post","status-publish","format-standard","has-post-thumbnail","category-sport","tag-ee","tag-eesti","tag-eesti-keel","tag-estonia","tag-estonian","tag-fia","tag-rok","tag-sport","tag-sports"],"share_on_mastodon":{"url":"https:\/\/pubeurope.com\/@ee\/117121473883883686","error":""},"_links":{"self":[{"href":"https:\/\/www.europesays.com\/ee\/wp-json\/wp\/v2\/posts\/255740","targetHints":{"allow":["GET"]}}],"collection":[{"href":"https:\/\/www.europesays.com\/ee\/wp-json\/wp\/v2\/posts"}],"about":[{"href":"https:\/\/www.europesays.com\/ee\/wp-json\/wp\/v2\/types\/post"}],"author":[{"embeddable":true,"href":"https:\/\/www.europesays.com\/ee\/wp-json\/wp\/v2\/users\/2"}],"replies":[{"embeddable":true,"href":"https:\/\/www.europesays.com\/ee\/wp-json\/wp\/v2\/comments?post=255740"}],"version-history":[{"count":0,"href":"https:\/\/www.europesays.com\/ee\/wp-json\/wp\/v2\/posts\/255740\/revisions"}],"wp:featuredmedia":[{"embeddable":true,"href":"https:\/\/www.europesays.com\/ee\/wp-json\/wp\/v2\/media\/255741"}],"wp:attachment":[{"href":"https:\/\/www.europesays.com\/ee\/wp-json\/wp\/v2\/media?parent=255740"}],"wp:term":[{"taxonomy":"category","embeddable":true,"href":"https:\/\/www.europesays.com\/ee\/wp-json\/wp\/v2\/categories?post=255740"},{"taxonomy":"post_tag","embeddable":true,"href":"https:\/\/www.europesays.com\/ee\/wp-json\/wp\/v2\/tags?post=255740"}],"curies":[{"name":"wp","href":"https:\/\/api.w.org\/{rel}","templated":true}]}}