{"id":255806,"date":"2026-08-19T10:39:20","date_gmt":"2026-08-19T10:39:20","guid":{"rendered":"https:\/\/www.europesays.com\/ee\/255806\/"},"modified":"2026-08-19T10:39:20","modified_gmt":"2026-08-19T10:39:20","slug":"nelja-paeva-jooksul-teist-korda-kokku-varisenud-musialal-diagnoositi-neuroloogiline-haire","status":"publish","type":"post","link":"https:\/\/www.europesays.com\/ee\/255806\/","title":{"rendered":"Nelja p\u00e4eva jooksul teist korda kokku varisenud Musialal diagnoositi neuroloogiline h\u00e4ire"},"content":{"rendered":"<p>Teisip\u00e4eval peetud s\u00f5pruskohtumises Heidenheimi vastu \u2013 Bayern v\u00f5itis 4:2 \u2013 varises Musiala kokku k\u00f5igest kuus minutit p\u00e4rast vahetusest sekkumist ning vajas kohapeal meedikute abi, misj\u00e4rel aidati m\u00e4ngumees v\u00e4ljakult minema. T\u00e4pselt samasugune ehmatav vahejuhtum leidis aset ka laup\u00e4eval, kui Bayern alistas kontrollkohtumises 3:1 <a rel=\"noopener nofollow\" target=\"_blank\" href=\"https:\/\/www.delfi.ee\/teema\/76400517\/rb-leipzig\" tag-id=\"76400517\">RB Leipzigi<\/a>.<\/p>\n<p>M\u00e4ngija ise rahustas sotsiaalmeedia vahendusel poolehoidjaid ning selgitas, et hoolimata k\u00f5rvaltvaatajatele hirmutavana tunduvale olukorrale, on haigus kontrolli all.<\/p>\n<p>\u201eMul diagnoositi ajutised, l\u00fchikesed, kuid kergesti ravitavad teadvusekaotuse episoodid, mida p\u00f5hjustab neuroloogiline talitlush\u00e4ire,\u201c kirjutas Musiala sotsiaalmeediaplatvormil Instagram.<\/p>\n<p>\u201eNeed v\u00f5ivadki viia selliste vahejuhtumiteni, nagu juhtusid hiljuti Leipzigi vastu v\u00f5i just n\u00fc\u00fcd Heidenheimis. Ma tean, et esmapilgul v\u00f5ib see tunduda hirmutav, kuid minu jaoks on see praegu osa igap\u00e4evaelust. Saan parimat v\u00f5imalikku arstiabi ja olen v\u00e4ga optimistlik,\u201c lisas sakslane ja kinnitas, et arstid on edasised t\u00f5sisemad terviseriskid v\u00e4listanud.<\/p>\n<p>Kuidas see lugu Sind end tundma pani?Saada<a href=\"https:\/\/sport.delfi.ee\/artikkel\/120604718\/nelja-paeva-jooksul-teist-korda-kokku-varisenud-musiala-sai-neuroloogilise-diagnoosi\/kommentaarid\" class=\"button button--primary button--size-auto article-body-bottom__comment article-body-bottom__comment--write\" style=\"\" rel=\"nofollow noopener\" target=\"_blank\">Kommenteeri<\/a><a href=\"https:\/\/sport.delfi.ee\/artikkel\/120604718\/nelja-paeva-jooksul-teist-korda-kokku-varisenud-musiala-sai-neuroloogilise-diagnoosi\/kommentaarid\" class=\"button button--size-auto article-body-bottom__comment article-body-bottom__comment--read\" style=\"\" rel=\"nofollow noopener\" target=\"_blank\">Loe kommentaare (1)<\/a><\/p>\n","protected":false},"excerpt":{"rendered":"Teisip\u00e4eval peetud s\u00f5pruskohtumises Heidenheimi vastu \u2013 Bayern v\u00f5itis 4:2 \u2013 varises Musiala kokku k\u00f5igest kuus minutit p\u00e4rast vahetusest&hellip;\n","protected":false},"author":2,"featured_media":255807,"comment_status":"","ping_status":"","sticky":false,"template":"","format":"standard","meta":{"footnotes":"","_share_on_mastodon":"0"},"categories":[5],"tags":[26,27,37,33,35,34,36,31,32,21,53482,28,29,538,19,25,1161,23,24,22,20,30],"class_list":["post-255806","post","type-post","status-publish","format-standard","has-post-thumbnail","category-uldised-uudised","tag-breaking-news","tag-breakingnews","tag-ee","tag-eesti","tag-eesti-keel","tag-estonia","tag-estonian","tag-featured-news","tag-featurednews","tag-headlines","tag-jamal-musiala","tag-latest-news","tag-latestnews","tag-muncheni-bayern","tag-news","tag-populaarseimad-lood","tag-rb-leipzig","tag-top-stories","tag-topstories","tag-uldised-uudised","tag-uudised","tag-viimased-uudised"],"share_on_mastodon":{"url":"https:\/\/pubeurope.com\/@ee\/117121748982482728","error":""},"_links":{"self":[{"href":"https:\/\/www.europesays.com\/ee\/wp-json\/wp\/v2\/posts\/255806","targetHints":{"allow":["GET"]}}],"collection":[{"href":"https:\/\/www.europesays.com\/ee\/wp-json\/wp\/v2\/posts"}],"about":[{"href":"https:\/\/www.europesays.com\/ee\/wp-json\/wp\/v2\/types\/post"}],"author":[{"embeddable":true,"href":"https:\/\/www.europesays.com\/ee\/wp-json\/wp\/v2\/users\/2"}],"replies":[{"embeddable":true,"href":"https:\/\/www.europesays.com\/ee\/wp-json\/wp\/v2\/comments?post=255806"}],"version-history":[{"count":0,"href":"https:\/\/www.europesays.com\/ee\/wp-json\/wp\/v2\/posts\/255806\/revisions"}],"wp:featuredmedia":[{"embeddable":true,"href":"https:\/\/www.europesays.com\/ee\/wp-json\/wp\/v2\/media\/255807"}],"wp:attachment":[{"href":"https:\/\/www.europesays.com\/ee\/wp-json\/wp\/v2\/media?parent=255806"}],"wp:term":[{"taxonomy":"category","embeddable":true,"href":"https:\/\/www.europesays.com\/ee\/wp-json\/wp\/v2\/categories?post=255806"},{"taxonomy":"post_tag","embeddable":true,"href":"https:\/\/www.europesays.com\/ee\/wp-json\/wp\/v2\/tags?post=255806"}],"curies":[{"name":"wp","href":"https:\/\/api.w.org\/{rel}","templated":true}]}}